{"id":4959,"date":"2025-11-16T06:52:13","date_gmt":"2025-11-16T06:52:13","guid":{"rendered":"https:\/\/privid.si\/?p=4959"},"modified":"2025-11-23T06:59:21","modified_gmt":"2025-11-23T06:59:21","slug":"festival-slovenskega-sansona-2025","status":"publish","type":"post","link":"https:\/\/privid.si\/en\/glasba\/nastop\/festival-slovenskega-sansona-2025\/","title":{"rendered":"Festival slovenskega \u0161ansona 2025"},"content":{"rendered":"<p>Z mojo pesmijo <em>Kruha in iger<\/em> smo nastopili na finalnem ve\u010deru Festivala slovenskega \u0161ansona 2025. V zasedbo so igrali Matja\u017e Bala\u017eic na harmoniki, Samo in Janez Iva\u010di\u010d na spremljevalnih glasovih, Niko Kostanjevec na bobnu in Timi Krajnc na lutnji.<\/p>\n\n\n\n<div class=\"wp-block-jetpack-tiled-gallery aligncenter is-style-rectangular\"><div class=\"\"><div class=\"tiled-gallery__gallery\"><div class=\"tiled-gallery__row\"><div class=\"tiled-gallery__col\" style=\"flex-basis:50.00000%\"><figure class=\"tiled-gallery__item\"><img decoding=\"async\" data-attachment-id=\"4960\" data-permalink=\"https:\/\/privid.si\/en\/glasba\/nastop\/festival-slovenskega-sansona-2025\/attachment\/foto-adrian-pregelj-2636\/\" data-orig-file=\"https:\/\/i0.wp.com\/privid.si\/wp-content\/uploads\/2025\/11\/Foto-Adrian-Pregelj-2636-scaled.jpg?fit=2560%2C1707&amp;ssl=1\" data-orig-size=\"2560,1707\" data-comments-opened=\"0\" data-image-meta=\"{&quot;aperture&quot;:&quot;2.8&quot;,&quot;credit&quot;:&quot;Adrian Pregelj&quot;,&quot;camera&quot;:&quot;Canon EOS R5m2&quot;,&quot;caption&quot;:&quot;&quot;,&quot;created_timestamp&quot;:&quot;1763320661&quot;,&quot;copyright&quot;:&quot;(c)ADRIAN PREGELJ 2025&quot;,&quot;focal_length&quot;:&quot;200&quot;,&quot;iso&quot;:&quot;1000&quot;,&quot;shutter_speed&quot;:&quot;0.004&quot;,&quot;title&quot;:&quot;&quot;,&quot;orientation&quot;:&quot;0&quot;}\" data-image-title=\"Foto Adrian Pregelj-2636\" data-image-description=\"\" data-image-caption=\"\" data-medium-file=\"https:\/\/i0.wp.com\/privid.si\/wp-content\/uploads\/2025\/11\/Foto-Adrian-Pregelj-2636-scaled.jpg?fit=300%2C200&amp;ssl=1\" data-large-file=\"https:\/\/i0.wp.com\/privid.si\/wp-content\/uploads\/2025\/11\/Foto-Adrian-Pregelj-2636-scaled.jpg?fit=1024%2C683&amp;ssl=1\" role=\"button\" tabindex=\"0\" aria-label=\"Open image 1 of 2 in full-screen\" srcset=\"https:\/\/i0.wp.com\/privid.si\/wp-content\/uploads\/2025\/11\/Foto-Adrian-Pregelj-2636-1024x683.jpg?strip=info&#038;w=600&#038;ssl=1 600w,https:\/\/i0.wp.com\/privid.si\/wp-content\/uploads\/2025\/11\/Foto-Adrian-Pregelj-2636-1024x683.jpg?strip=info&#038;w=900&#038;ssl=1 900w,https:\/\/i0.wp.com\/privid.si\/wp-content\/uploads\/2025\/11\/Foto-Adrian-Pregelj-2636-1024x683.jpg?strip=info&#038;w=1200&#038;ssl=1 1200w,https:\/\/i0.wp.com\/privid.si\/wp-content\/uploads\/2025\/11\/Foto-Adrian-Pregelj-2636-1024x683.jpg?strip=info&#038;w=1500&#038;ssl=1 1500w,https:\/\/i0.wp.com\/privid.si\/wp-content\/uploads\/2025\/11\/Foto-Adrian-Pregelj-2636-1024x683.jpg?strip=info&#038;w=1800&#038;ssl=1 1800w,https:\/\/i0.wp.com\/privid.si\/wp-content\/uploads\/2025\/11\/Foto-Adrian-Pregelj-2636-1024x683.jpg?strip=info&#038;w=2000&#038;ssl=1 2000w\" alt=\"\" data-height=\"1707\" data-id=\"4960\" data-link=\"https:\/\/privid.si\/glasba\/nastop\/festival-slovenskega-sansona-2025\/attachment\/foto-adrian-pregelj-2636\/\" data-url=\"https:\/\/privid.si\/wp-content\/uploads\/2025\/11\/Foto-Adrian-Pregelj-2636-1024x683.jpg\" data-width=\"2560\" src=\"https:\/\/i0.wp.com\/privid.si\/wp-content\/uploads\/2025\/11\/Foto-Adrian-Pregelj-2636-1024x683.jpg?ssl=1\" data-amp-layout=\"responsive\"\/><\/figure><\/div><div class=\"tiled-gallery__col\" style=\"flex-basis:50.00000%\"><figure class=\"tiled-gallery__item\"><img decoding=\"async\" data-attachment-id=\"4963\" data-permalink=\"https:\/\/privid.si\/en\/glasba\/nastop\/festival-slovenskega-sansona-2025\/attachment\/foto-adrian-pregelj-2633-2\/\" data-orig-file=\"https:\/\/i0.wp.com\/privid.si\/wp-content\/uploads\/2025\/11\/Foto-Adrian-Pregelj-2633-1-scaled.jpg?fit=2560%2C1707&amp;ssl=1\" data-orig-size=\"2560,1707\" data-comments-opened=\"0\" data-image-meta=\"{&quot;aperture&quot;:&quot;2.8&quot;,&quot;credit&quot;:&quot;Adrian Pregelj&quot;,&quot;camera&quot;:&quot;Canon EOS R5m2&quot;,&quot;caption&quot;:&quot;&quot;,&quot;created_timestamp&quot;:&quot;1763320606&quot;,&quot;copyright&quot;:&quot;(c)ADRIAN PREGELJ 2025&quot;,&quot;focal_length&quot;:&quot;147&quot;,&quot;iso&quot;:&quot;1000&quot;,&quot;shutter_speed&quot;:&quot;0.0025&quot;,&quot;title&quot;:&quot;&quot;,&quot;orientation&quot;:&quot;0&quot;}\" data-image-title=\"Foto Adrian Pregelj-2633\" data-image-description=\"\" data-image-caption=\"\" data-medium-file=\"https:\/\/i0.wp.com\/privid.si\/wp-content\/uploads\/2025\/11\/Foto-Adrian-Pregelj-2633-1-scaled.jpg?fit=300%2C200&amp;ssl=1\" data-large-file=\"https:\/\/i0.wp.com\/privid.si\/wp-content\/uploads\/2025\/11\/Foto-Adrian-Pregelj-2633-1-scaled.jpg?fit=1024%2C683&amp;ssl=1\" role=\"button\" tabindex=\"0\" aria-label=\"Open image 2 of 2 in full-screen\" srcset=\"https:\/\/i0.wp.com\/privid.si\/wp-content\/uploads\/2025\/11\/Foto-Adrian-Pregelj-2633-1-1024x683.jpg?strip=info&#038;w=600&#038;ssl=1 600w,https:\/\/i0.wp.com\/privid.si\/wp-content\/uploads\/2025\/11\/Foto-Adrian-Pregelj-2633-1-1024x683.jpg?strip=info&#038;w=900&#038;ssl=1 900w,https:\/\/i0.wp.com\/privid.si\/wp-content\/uploads\/2025\/11\/Foto-Adrian-Pregelj-2633-1-1024x683.jpg?strip=info&#038;w=1200&#038;ssl=1 1200w,https:\/\/i0.wp.com\/privid.si\/wp-content\/uploads\/2025\/11\/Foto-Adrian-Pregelj-2633-1-1024x683.jpg?strip=info&#038;w=1500&#038;ssl=1 1500w,https:\/\/i0.wp.com\/privid.si\/wp-content\/uploads\/2025\/11\/Foto-Adrian-Pregelj-2633-1-1024x683.jpg?strip=info&#038;w=1800&#038;ssl=1 1800w,https:\/\/i0.wp.com\/privid.si\/wp-content\/uploads\/2025\/11\/Foto-Adrian-Pregelj-2633-1-1024x683.jpg?strip=info&#038;w=2000&#038;ssl=1 2000w\" alt=\"\" data-height=\"1707\" data-id=\"4963\" data-link=\"https:\/\/privid.si\/glasba\/nastop\/festival-slovenskega-sansona-2025\/attachment\/foto-adrian-pregelj-2633-2\/\" data-url=\"https:\/\/privid.si\/wp-content\/uploads\/2025\/11\/Foto-Adrian-Pregelj-2633-1-1024x683.jpg\" data-width=\"2560\" src=\"https:\/\/i0.wp.com\/privid.si\/wp-content\/uploads\/2025\/11\/Foto-Adrian-Pregelj-2633-1-1024x683.jpg?ssl=1\" data-amp-layout=\"responsive\"\/><\/figure><\/div><\/div><\/div><\/div><\/div>","protected":false},"excerpt":{"rendered":"<p>Z mojo pesmijo Kruha in iger smo nastopili na finalnem ve\u010deru Festivala slovenskega \u0161ansona 2025. V zasedbo so igrali Matja\u017e Bala\u017eic na harmoniki, Samo in Janez Iva\u010di\u010d na spremljevalnih glasovih, Niko Kostanjevec na bobnu in Timi Krajnc na lutnji.<\/p>","protected":false},"author":1,"featured_media":4965,"comment_status":"closed","ping_status":"","sticky":false,"template":"","format":"standard","meta":{"inline_featured_image":false,"advanced_seo_description":"","jetpack_seo_html_title":"","jetpack_seo_noindex":false,"_vp_format_video_url":"","_vp_image_focal_point":[],"_jetpack_memberships_contains_paid_content":false,"footnotes":"","jetpack_publicize_message":"","jetpack_publicize_feature_enabled":true,"jetpack_social_post_already_shared":true,"jetpack_social_options":{"image_generator_settings":{"template":"highway","default_image_id":0,"font":"","enabled":false},"version":2}},"categories":[4],"tags":[],"class_list":["post-4959","post","type-post","status-publish","format-standard","has-post-thumbnail","hentry","category-nastop"],"jetpack_publicize_connections":[],"jetpack_featured_media_url":"https:\/\/i0.wp.com\/privid.si\/wp-content\/uploads\/2025\/11\/Foto-Adrian-Pregelj-2644-1-scaled.jpg?fit=2560%2C1707&ssl=1","jetpack_shortlink":"https:\/\/wp.me\/pdh6Hw-1hZ","jetpack_sharing_enabled":true,"_links":{"self":[{"href":"https:\/\/privid.si\/en\/wp-json\/wp\/v2\/posts\/4959","targetHints":{"allow":["GET"]}}],"collection":[{"href":"https:\/\/privid.si\/en\/wp-json\/wp\/v2\/posts"}],"about":[{"href":"https:\/\/privid.si\/en\/wp-json\/wp\/v2\/types\/post"}],"author":[{"embeddable":true,"href":"https:\/\/privid.si\/en\/wp-json\/wp\/v2\/users\/1"}],"replies":[{"embeddable":true,"href":"https:\/\/privid.si\/en\/wp-json\/wp\/v2\/comments?post=4959"}],"version-history":[{"count":3,"href":"https:\/\/privid.si\/en\/wp-json\/wp\/v2\/posts\/4959\/revisions"}],"predecessor-version":[{"id":4968,"href":"https:\/\/privid.si\/en\/wp-json\/wp\/v2\/posts\/4959\/revisions\/4968"}],"wp:featuredmedia":[{"embeddable":true,"href":"https:\/\/privid.si\/en\/wp-json\/wp\/v2\/media\/4965"}],"wp:attachment":[{"href":"https:\/\/privid.si\/en\/wp-json\/wp\/v2\/media?parent=4959"}],"wp:term":[{"taxonomy":"category","embeddable":true,"href":"https:\/\/privid.si\/en\/wp-json\/wp\/v2\/categories?post=4959"},{"taxonomy":"post_tag","embeddable":true,"href":"https:\/\/privid.si\/en\/wp-json\/wp\/v2\/tags?post=4959"}],"curies":[{"name":"wp","href":"https:\/\/api.w.org\/{rel}","templated":true}]}}