{"id":4295,"date":"2024-06-28T09:31:25","date_gmt":"2024-06-28T09:31:25","guid":{"rendered":"https:\/\/privid.si\/?p=4295"},"modified":"2024-07-18T11:05:56","modified_gmt":"2024-07-18T11:05:56","slug":"koncert-na-festivalu-lent-2024","status":"publish","type":"post","link":"https:\/\/privid.si\/en\/glasba\/nastop\/koncert-na-festivalu-lent-2024\/","title":{"rendered":"Sodni stolp na Festivalu Lent 2024"},"content":{"rendered":"<div class=\"wp-block-jetpack-tiled-gallery aligncenter is-style-rectangular\"><div class=\"\"><div class=\"tiled-gallery__gallery\"><div class=\"tiled-gallery__row\"><div class=\"tiled-gallery__col\" style=\"flex-basis:66.80200%\"><figure class=\"tiled-gallery__item\"><img decoding=\"async\" data-attachment-id=\"4300\" data-permalink=\"https:\/\/privid.si\/en\/glasba\/nastop\/koncert-na-festivalu-lent-2024\/attachment\/449316781_3676672212574411_2269804309654669965_n\/\" data-orig-file=\"https:\/\/i0.wp.com\/privid.si\/wp-content\/uploads\/2024\/06\/449316781_3676672212574411_2269804309654669965_n.jpg?fit=2048%2C1367&amp;ssl=1\" data-orig-size=\"2048,1367\" data-comments-opened=\"0\" data-image-meta=\"{&quot;aperture&quot;:&quot;0&quot;,&quot;credit&quot;:&quot;Mateja Mirt&quot;,&quot;camera&quot;:&quot;&quot;,&quot;caption&quot;:&quot;&quot;,&quot;created_timestamp&quot;:&quot;0&quot;,&quot;copyright&quot;:&quot;matejamirtphotography&quot;,&quot;focal_length&quot;:&quot;0&quot;,&quot;iso&quot;:&quot;0&quot;,&quot;shutter_speed&quot;:&quot;0&quot;,&quot;title&quot;:&quot;&quot;,&quot;orientation&quot;:&quot;0&quot;}\" data-image-title=\"449316781_3676672212574411_2269804309654669965_n\" data-image-description=\"\" data-image-caption=\"\" data-medium-file=\"https:\/\/i0.wp.com\/privid.si\/wp-content\/uploads\/2024\/06\/449316781_3676672212574411_2269804309654669965_n.jpg?fit=300%2C200&amp;ssl=1\" data-large-file=\"https:\/\/i0.wp.com\/privid.si\/wp-content\/uploads\/2024\/06\/449316781_3676672212574411_2269804309654669965_n.jpg?fit=1024%2C684&amp;ssl=1\" role=\"button\" tabindex=\"0\" aria-label=\"Open image 1 of 6 in full-screen\" srcset=\"https:\/\/i0.wp.com\/privid.si\/wp-content\/uploads\/2024\/06\/449316781_3676672212574411_2269804309654669965_n-1024x684.jpg?strip=info&#038;w=600&#038;ssl=1 600w,https:\/\/i0.wp.com\/privid.si\/wp-content\/uploads\/2024\/06\/449316781_3676672212574411_2269804309654669965_n-1024x684.jpg?strip=info&#038;w=900&#038;ssl=1 900w,https:\/\/i0.wp.com\/privid.si\/wp-content\/uploads\/2024\/06\/449316781_3676672212574411_2269804309654669965_n-1024x684.jpg?strip=info&#038;w=1200&#038;ssl=1 1200w,https:\/\/i0.wp.com\/privid.si\/wp-content\/uploads\/2024\/06\/449316781_3676672212574411_2269804309654669965_n-1024x684.jpg?strip=info&#038;w=1500&#038;ssl=1 1500w,https:\/\/i0.wp.com\/privid.si\/wp-content\/uploads\/2024\/06\/449316781_3676672212574411_2269804309654669965_n-1024x684.jpg?strip=info&#038;w=1800&#038;ssl=1 1800w,https:\/\/i0.wp.com\/privid.si\/wp-content\/uploads\/2024\/06\/449316781_3676672212574411_2269804309654669965_n-1024x684.jpg?strip=info&#038;w=2000&#038;ssl=1 2000w\" alt=\"\" data-height=\"1367\" data-id=\"4300\" data-link=\"https:\/\/privid.si\/?attachment_id=4300\" data-url=\"https:\/\/privid.si\/wp-content\/uploads\/2024\/06\/449316781_3676672212574411_2269804309654669965_n-1024x684.jpg\" data-width=\"2048\" src=\"https:\/\/i0.wp.com\/privid.si\/wp-content\/uploads\/2024\/06\/449316781_3676672212574411_2269804309654669965_n-1024x684.jpg?ssl=1\" data-amp-layout=\"responsive\"\/><\/figure><\/div><div class=\"tiled-gallery__col\" style=\"flex-basis:33.19800%\"><figure class=\"tiled-gallery__item\"><img decoding=\"async\" data-attachment-id=\"4299\" data-permalink=\"https:\/\/privid.si\/en\/glasba\/nastop\/koncert-na-festivalu-lent-2024\/attachment\/449432456_3676670449241254_8761527365401431446_n\/\" data-orig-file=\"https:\/\/i0.wp.com\/privid.si\/wp-content\/uploads\/2024\/06\/449432456_3676670449241254_8761527365401431446_n.jpg?fit=2048%2C1367&amp;ssl=1\" data-orig-size=\"2048,1367\" data-comments-opened=\"0\" data-image-meta=\"{&quot;aperture&quot;:&quot;0&quot;,&quot;credit&quot;:&quot;Mateja Mirt&quot;,&quot;camera&quot;:&quot;&quot;,&quot;caption&quot;:&quot;&quot;,&quot;created_timestamp&quot;:&quot;0&quot;,&quot;copyright&quot;:&quot;matejamirtphotography&quot;,&quot;focal_length&quot;:&quot;0&quot;,&quot;iso&quot;:&quot;0&quot;,&quot;shutter_speed&quot;:&quot;0&quot;,&quot;title&quot;:&quot;&quot;,&quot;orientation&quot;:&quot;0&quot;}\" data-image-title=\"449432456_3676670449241254_8761527365401431446_n\" data-image-description=\"\" data-image-caption=\"\" data-medium-file=\"https:\/\/i0.wp.com\/privid.si\/wp-content\/uploads\/2024\/06\/449432456_3676670449241254_8761527365401431446_n.jpg?fit=300%2C200&amp;ssl=1\" data-large-file=\"https:\/\/i0.wp.com\/privid.si\/wp-content\/uploads\/2024\/06\/449432456_3676670449241254_8761527365401431446_n.jpg?fit=1024%2C684&amp;ssl=1\" role=\"button\" tabindex=\"0\" aria-label=\"Open image 2 of 6 in full-screen\" srcset=\"https:\/\/i0.wp.com\/privid.si\/wp-content\/uploads\/2024\/06\/449432456_3676670449241254_8761527365401431446_n-1024x684.jpg?strip=info&#038;w=600&#038;ssl=1 600w,https:\/\/i0.wp.com\/privid.si\/wp-content\/uploads\/2024\/06\/449432456_3676670449241254_8761527365401431446_n-1024x684.jpg?strip=info&#038;w=900&#038;ssl=1 900w,https:\/\/i0.wp.com\/privid.si\/wp-content\/uploads\/2024\/06\/449432456_3676670449241254_8761527365401431446_n-1024x684.jpg?strip=info&#038;w=1200&#038;ssl=1 1200w,https:\/\/i0.wp.com\/privid.si\/wp-content\/uploads\/2024\/06\/449432456_3676670449241254_8761527365401431446_n-1024x684.jpg?strip=info&#038;w=1500&#038;ssl=1 1500w,https:\/\/i0.wp.com\/privid.si\/wp-content\/uploads\/2024\/06\/449432456_3676670449241254_8761527365401431446_n-1024x684.jpg?strip=info&#038;w=1800&#038;ssl=1 1800w,https:\/\/i0.wp.com\/privid.si\/wp-content\/uploads\/2024\/06\/449432456_3676670449241254_8761527365401431446_n-1024x684.jpg?strip=info&#038;w=2000&#038;ssl=1 2000w\" alt=\"\" data-height=\"1367\" data-id=\"4299\" data-link=\"https:\/\/privid.si\/?attachment_id=4299\" data-url=\"https:\/\/privid.si\/wp-content\/uploads\/2024\/06\/449432456_3676670449241254_8761527365401431446_n-1024x684.jpg\" data-width=\"2048\" src=\"https:\/\/i0.wp.com\/privid.si\/wp-content\/uploads\/2024\/06\/449432456_3676670449241254_8761527365401431446_n-1024x684.jpg?ssl=1\" data-amp-layout=\"responsive\"\/><\/figure><figure class=\"tiled-gallery__item\"><img decoding=\"async\" data-attachment-id=\"4296\" data-permalink=\"https:\/\/privid.si\/en\/glasba\/nastop\/koncert-na-festivalu-lent-2024\/attachment\/449130939_3676672299241069_7318129765504670417_n\/\" data-orig-file=\"https:\/\/i0.wp.com\/privid.si\/wp-content\/uploads\/2024\/06\/449130939_3676672299241069_7318129765504670417_n.jpg?fit=2048%2C1367&amp;ssl=1\" data-orig-size=\"2048,1367\" data-comments-opened=\"0\" data-image-meta=\"{&quot;aperture&quot;:&quot;0&quot;,&quot;credit&quot;:&quot;Mateja Mirt&quot;,&quot;camera&quot;:&quot;&quot;,&quot;caption&quot;:&quot;&quot;,&quot;created_timestamp&quot;:&quot;0&quot;,&quot;copyright&quot;:&quot;matejamirtphotography&quot;,&quot;focal_length&quot;:&quot;0&quot;,&quot;iso&quot;:&quot;0&quot;,&quot;shutter_speed&quot;:&quot;0&quot;,&quot;title&quot;:&quot;&quot;,&quot;orientation&quot;:&quot;0&quot;}\" data-image-title=\"449130939_3676672299241069_7318129765504670417_n\" data-image-description=\"\" data-image-caption=\"\" data-medium-file=\"https:\/\/i0.wp.com\/privid.si\/wp-content\/uploads\/2024\/06\/449130939_3676672299241069_7318129765504670417_n.jpg?fit=300%2C200&amp;ssl=1\" data-large-file=\"https:\/\/i0.wp.com\/privid.si\/wp-content\/uploads\/2024\/06\/449130939_3676672299241069_7318129765504670417_n.jpg?fit=1024%2C684&amp;ssl=1\" role=\"button\" tabindex=\"0\" aria-label=\"Open image 3 of 6 in full-screen\" srcset=\"https:\/\/i0.wp.com\/privid.si\/wp-content\/uploads\/2024\/06\/449130939_3676672299241069_7318129765504670417_n-1024x684.jpg?strip=info&#038;w=600&#038;ssl=1 600w,https:\/\/i0.wp.com\/privid.si\/wp-content\/uploads\/2024\/06\/449130939_3676672299241069_7318129765504670417_n-1024x684.jpg?strip=info&#038;w=900&#038;ssl=1 900w,https:\/\/i0.wp.com\/privid.si\/wp-content\/uploads\/2024\/06\/449130939_3676672299241069_7318129765504670417_n-1024x684.jpg?strip=info&#038;w=1200&#038;ssl=1 1200w,https:\/\/i0.wp.com\/privid.si\/wp-content\/uploads\/2024\/06\/449130939_3676672299241069_7318129765504670417_n-1024x684.jpg?strip=info&#038;w=1500&#038;ssl=1 1500w,https:\/\/i0.wp.com\/privid.si\/wp-content\/uploads\/2024\/06\/449130939_3676672299241069_7318129765504670417_n-1024x684.jpg?strip=info&#038;w=1800&#038;ssl=1 1800w,https:\/\/i0.wp.com\/privid.si\/wp-content\/uploads\/2024\/06\/449130939_3676672299241069_7318129765504670417_n-1024x684.jpg?strip=info&#038;w=2000&#038;ssl=1 2000w\" alt=\"\" data-height=\"1367\" data-id=\"4296\" data-link=\"https:\/\/privid.si\/?attachment_id=4296\" data-url=\"https:\/\/privid.si\/wp-content\/uploads\/2024\/06\/449130939_3676672299241069_7318129765504670417_n-1024x684.jpg\" data-width=\"2048\" src=\"https:\/\/i0.wp.com\/privid.si\/wp-content\/uploads\/2024\/06\/449130939_3676672299241069_7318129765504670417_n-1024x684.jpg?ssl=1\" data-amp-layout=\"responsive\"\/><\/figure><\/div><\/div><div class=\"tiled-gallery__row\"><div class=\"tiled-gallery__col\" style=\"flex-basis:40.85320%\"><figure class=\"tiled-gallery__item\"><img decoding=\"async\" data-attachment-id=\"4302\" data-permalink=\"https:\/\/privid.si\/en\/glasba\/nastop\/koncert-na-festivalu-lent-2024\/attachment\/449450078_3676670389241260_3991567809961276589_n\/\" data-orig-file=\"https:\/\/i0.wp.com\/privid.si\/wp-content\/uploads\/2024\/06\/449450078_3676670389241260_3991567809961276589_n.jpg?fit=2048%2C1367&amp;ssl=1\" data-orig-size=\"2048,1367\" data-comments-opened=\"0\" data-image-meta=\"{&quot;aperture&quot;:&quot;0&quot;,&quot;credit&quot;:&quot;Mateja Mirt&quot;,&quot;camera&quot;:&quot;&quot;,&quot;caption&quot;:&quot;&quot;,&quot;created_timestamp&quot;:&quot;0&quot;,&quot;copyright&quot;:&quot;matejamirtphotography&quot;,&quot;focal_length&quot;:&quot;0&quot;,&quot;iso&quot;:&quot;0&quot;,&quot;shutter_speed&quot;:&quot;0&quot;,&quot;title&quot;:&quot;&quot;,&quot;orientation&quot;:&quot;0&quot;}\" data-image-title=\"449450078_3676670389241260_3991567809961276589_n\" data-image-description=\"\" data-image-caption=\"\" data-medium-file=\"https:\/\/i0.wp.com\/privid.si\/wp-content\/uploads\/2024\/06\/449450078_3676670389241260_3991567809961276589_n.jpg?fit=300%2C200&amp;ssl=1\" data-large-file=\"https:\/\/i0.wp.com\/privid.si\/wp-content\/uploads\/2024\/06\/449450078_3676670389241260_3991567809961276589_n.jpg?fit=1024%2C684&amp;ssl=1\" role=\"button\" tabindex=\"0\" aria-label=\"Open image 4 of 6 in full-screen\" srcset=\"https:\/\/i0.wp.com\/privid.si\/wp-content\/uploads\/2024\/06\/449450078_3676670389241260_3991567809961276589_n-1024x684.jpg?strip=info&#038;w=600&#038;ssl=1 600w,https:\/\/i0.wp.com\/privid.si\/wp-content\/uploads\/2024\/06\/449450078_3676670389241260_3991567809961276589_n-1024x684.jpg?strip=info&#038;w=900&#038;ssl=1 900w,https:\/\/i0.wp.com\/privid.si\/wp-content\/uploads\/2024\/06\/449450078_3676670389241260_3991567809961276589_n-1024x684.jpg?strip=info&#038;w=1200&#038;ssl=1 1200w,https:\/\/i0.wp.com\/privid.si\/wp-content\/uploads\/2024\/06\/449450078_3676670389241260_3991567809961276589_n-1024x684.jpg?strip=info&#038;w=1500&#038;ssl=1 1500w,https:\/\/i0.wp.com\/privid.si\/wp-content\/uploads\/2024\/06\/449450078_3676670389241260_3991567809961276589_n-1024x684.jpg?strip=info&#038;w=1800&#038;ssl=1 1800w,https:\/\/i0.wp.com\/privid.si\/wp-content\/uploads\/2024\/06\/449450078_3676670389241260_3991567809961276589_n-1024x684.jpg?strip=info&#038;w=2000&#038;ssl=1 2000w\" alt=\"\" data-height=\"1367\" data-id=\"4302\" data-link=\"https:\/\/privid.si\/?attachment_id=4302\" data-url=\"https:\/\/privid.si\/wp-content\/uploads\/2024\/06\/449450078_3676670389241260_3991567809961276589_n-1024x684.jpg\" data-width=\"2048\" src=\"https:\/\/i0.wp.com\/privid.si\/wp-content\/uploads\/2024\/06\/449450078_3676670389241260_3991567809961276589_n-1024x684.jpg?ssl=1\" data-amp-layout=\"responsive\"\/><\/figure><\/div><div class=\"tiled-gallery__col\" style=\"flex-basis:18.29359%\"><figure class=\"tiled-gallery__item\"><img decoding=\"async\" data-attachment-id=\"4301\" data-permalink=\"https:\/\/privid.si\/en\/glasba\/nastop\/koncert-na-festivalu-lent-2024\/attachment\/449445102_3676672235907742_4350777721026114973_n\/\" data-orig-file=\"https:\/\/i0.wp.com\/privid.si\/wp-content\/uploads\/2024\/06\/449445102_3676672235907742_4350777721026114973_n.jpg?fit=1367%2C2048&amp;ssl=1\" data-orig-size=\"1367,2048\" data-comments-opened=\"0\" data-image-meta=\"{&quot;aperture&quot;:&quot;0&quot;,&quot;credit&quot;:&quot;Mateja Mirt&quot;,&quot;camera&quot;:&quot;&quot;,&quot;caption&quot;:&quot;&quot;,&quot;created_timestamp&quot;:&quot;0&quot;,&quot;copyright&quot;:&quot;matejamirtphotography&quot;,&quot;focal_length&quot;:&quot;0&quot;,&quot;iso&quot;:&quot;0&quot;,&quot;shutter_speed&quot;:&quot;0&quot;,&quot;title&quot;:&quot;&quot;,&quot;orientation&quot;:&quot;0&quot;}\" data-image-title=\"449445102_3676672235907742_4350777721026114973_n\" data-image-description=\"\" data-image-caption=\"\" data-medium-file=\"https:\/\/i0.wp.com\/privid.si\/wp-content\/uploads\/2024\/06\/449445102_3676672235907742_4350777721026114973_n.jpg?fit=200%2C300&amp;ssl=1\" data-large-file=\"https:\/\/i0.wp.com\/privid.si\/wp-content\/uploads\/2024\/06\/449445102_3676672235907742_4350777721026114973_n.jpg?fit=684%2C1024&amp;ssl=1\" role=\"button\" tabindex=\"0\" aria-label=\"Open image 5 of 6 in full-screen\" srcset=\"https:\/\/i0.wp.com\/privid.si\/wp-content\/uploads\/2024\/06\/449445102_3676672235907742_4350777721026114973_n-684x1024.jpg?strip=info&#038;w=600&#038;ssl=1 600w,https:\/\/i0.wp.com\/privid.si\/wp-content\/uploads\/2024\/06\/449445102_3676672235907742_4350777721026114973_n-684x1024.jpg?strip=info&#038;w=900&#038;ssl=1 900w,https:\/\/i0.wp.com\/privid.si\/wp-content\/uploads\/2024\/06\/449445102_3676672235907742_4350777721026114973_n-684x1024.jpg?strip=info&#038;w=1200&#038;ssl=1 1200w,https:\/\/i0.wp.com\/privid.si\/wp-content\/uploads\/2024\/06\/449445102_3676672235907742_4350777721026114973_n-684x1024.jpg?strip=info&#038;w=1367&#038;ssl=1 1367w\" alt=\"\" data-height=\"2048\" data-id=\"4301\" data-link=\"https:\/\/privid.si\/?attachment_id=4301\" data-url=\"https:\/\/privid.si\/wp-content\/uploads\/2024\/06\/449445102_3676672235907742_4350777721026114973_n-684x1024.jpg\" data-width=\"1367\" src=\"https:\/\/i0.wp.com\/privid.si\/wp-content\/uploads\/2024\/06\/449445102_3676672235907742_4350777721026114973_n-684x1024.jpg?ssl=1\" data-amp-layout=\"responsive\"\/><\/figure><\/div><div class=\"tiled-gallery__col\" style=\"flex-basis:40.85320%\"><figure class=\"tiled-gallery__item\"><img decoding=\"async\" data-attachment-id=\"4303\" data-permalink=\"https:\/\/privid.si\/en\/glasba\/nastop\/koncert-na-festivalu-lent-2024\/attachment\/449172421_3676670712574561_4842482333391624892_n-1\/\" data-orig-file=\"https:\/\/i0.wp.com\/privid.si\/wp-content\/uploads\/2024\/06\/449172421_3676670712574561_4842482333391624892_n-1.jpg?fit=2048%2C1367&amp;ssl=1\" data-orig-size=\"2048,1367\" data-comments-opened=\"0\" data-image-meta=\"{&quot;aperture&quot;:&quot;0&quot;,&quot;credit&quot;:&quot;Mateja Mirt&quot;,&quot;camera&quot;:&quot;&quot;,&quot;caption&quot;:&quot;&quot;,&quot;created_timestamp&quot;:&quot;0&quot;,&quot;copyright&quot;:&quot;matejamirtphotography&quot;,&quot;focal_length&quot;:&quot;0&quot;,&quot;iso&quot;:&quot;0&quot;,&quot;shutter_speed&quot;:&quot;0&quot;,&quot;title&quot;:&quot;&quot;,&quot;orientation&quot;:&quot;0&quot;}\" data-image-title=\"449172421_3676670712574561_4842482333391624892_n-1\" data-image-description=\"\" data-image-caption=\"\" data-medium-file=\"https:\/\/i0.wp.com\/privid.si\/wp-content\/uploads\/2024\/06\/449172421_3676670712574561_4842482333391624892_n-1.jpg?fit=300%2C200&amp;ssl=1\" data-large-file=\"https:\/\/i0.wp.com\/privid.si\/wp-content\/uploads\/2024\/06\/449172421_3676670712574561_4842482333391624892_n-1.jpg?fit=1024%2C684&amp;ssl=1\" role=\"button\" tabindex=\"0\" aria-label=\"Open image 6 of 6 in full-screen\" srcset=\"https:\/\/i0.wp.com\/privid.si\/wp-content\/uploads\/2024\/06\/449172421_3676670712574561_4842482333391624892_n-1.jpg?strip=info&#038;w=600&#038;ssl=1 600w,https:\/\/i0.wp.com\/privid.si\/wp-content\/uploads\/2024\/06\/449172421_3676670712574561_4842482333391624892_n-1.jpg?strip=info&#038;w=900&#038;ssl=1 900w,https:\/\/i0.wp.com\/privid.si\/wp-content\/uploads\/2024\/06\/449172421_3676670712574561_4842482333391624892_n-1.jpg?strip=info&#038;w=1200&#038;ssl=1 1200w,https:\/\/i0.wp.com\/privid.si\/wp-content\/uploads\/2024\/06\/449172421_3676670712574561_4842482333391624892_n-1.jpg?strip=info&#038;w=1500&#038;ssl=1 1500w,https:\/\/i0.wp.com\/privid.si\/wp-content\/uploads\/2024\/06\/449172421_3676670712574561_4842482333391624892_n-1.jpg?strip=info&#038;w=1800&#038;ssl=1 1800w,https:\/\/i0.wp.com\/privid.si\/wp-content\/uploads\/2024\/06\/449172421_3676670712574561_4842482333391624892_n-1.jpg?strip=info&#038;w=2000&#038;ssl=1 2000w\" alt=\"\" data-height=\"1367\" data-id=\"4303\" data-link=\"https:\/\/privid.si\/?attachment_id=4303\" data-url=\"https:\/\/privid.si\/wp-content\/uploads\/2024\/06\/449172421_3676670712574561_4842482333391624892_n-1.jpg\" data-width=\"2048\" src=\"https:\/\/i0.wp.com\/privid.si\/wp-content\/uploads\/2024\/06\/449172421_3676670712574561_4842482333391624892_n-1.jpg?ssl=1\" data-amp-layout=\"responsive\"\/><\/figure><\/div><\/div><\/div><\/div><\/div>\n\n\n\n<p>Takole nas je <a href=\"https:\/\/www.facebook.com\/mateja.mirt.5?__cft__[0]=AZVhl2-6A5mmXnjhM8VANJU0PuRgl6F1ePGdn4C9By3KE-Rdv80hyzcElC43xuWm_8-PgkmRTL8XkPMjMcOiqT4n1L4o28Zbk1b2VLzCRYt9RN1GaudplwurAogGJYDNTn8yVnoLEF3X3VJzgh7UcGgpkvHoX7T8bcODoXJh-pEFbA&amp;__tn__=-]K-R\">Mateja Mirt<\/a> v objektiv ujela 28. 6. 2024 v Sodnem stolpu. Kako smo se razigrali! No, kako se ne bi \u2013 ko ima\u0161 zbrano ob\u010dinstvo, ki pride z odprtimi u\u0161esi, da za\u010duti ritme in melodije, hkrati pa odprtimi duhovi, da pozorno spremlja besedila, se nanje odziva, se smeji in se v\u017eivi v zgodbe in \u017eivljenja.<\/p>\n\n\n\n<p>In kako se ne bi, ko pa ima\u0161 za sabo tako \u017eive muzikante, ki niso pri\u0161li samo odigrat partitur \u2013 itak jih prakti\u010dno ni \u2013, ampak tam, na licu mesta, ustvarjajo, ekstempore, dru\u017eno, presene\u010dajo tebe in sebe in vse navzo\u010de. <a href=\"https:\/\/www.facebook.com\/matjaz.balazic?__cft__[0]=AZVhl2-6A5mmXnjhM8VANJU0PuRgl6F1ePGdn4C9By3KE-Rdv80hyzcElC43xuWm_8-PgkmRTL8XkPMjMcOiqT4n1L4o28Zbk1b2VLzCRYt9RN1GaudplwurAogGJYDNTn8yVnoLEF3X3VJzgh7UcGgpkvHoX7T8bcODoXJh-pEFbA&amp;__tn__=-]K-R\">Matja\u017e Bala\u017eic<\/a>, <a href=\"https:\/\/www.facebook.com\/luka.gaiser.7?__cft__[0]=AZVhl2-6A5mmXnjhM8VANJU0PuRgl6F1ePGdn4C9By3KE-Rdv80hyzcElC43xuWm_8-PgkmRTL8XkPMjMcOiqT4n1L4o28Zbk1b2VLzCRYt9RN1GaudplwurAogGJYDNTn8yVnoLEF3X3VJzgh7UcGgpkvHoX7T8bcODoXJh-pEFbA&amp;__tn__=-]K-R\">Luka Gaiser<\/a>, <a href=\"https:\/\/www.facebook.com\/samo.ivacic?__cft__[0]=AZVhl2-6A5mmXnjhM8VANJU0PuRgl6F1ePGdn4C9By3KE-Rdv80hyzcElC43xuWm_8-PgkmRTL8XkPMjMcOiqT4n1L4o28Zbk1b2VLzCRYt9RN1GaudplwurAogGJYDNTn8yVnoLEF3X3VJzgh7UcGgpkvHoX7T8bcODoXJh-pEFbA&amp;__tn__=-]K-R\">Samo Iva\u010di\u010d<\/a>, <a href=\"https:\/\/www.facebook.com\/timi.krajnc.1?__cft__[0]=AZVhl2-6A5mmXnjhM8VANJU0PuRgl6F1ePGdn4C9By3KE-Rdv80hyzcElC43xuWm_8-PgkmRTL8XkPMjMcOiqT4n1L4o28Zbk1b2VLzCRYt9RN1GaudplwurAogGJYDNTn8yVnoLEF3X3VJzgh7UcGgpkvHoX7T8bcODoXJh-pEFbA&amp;__tn__=-]K-R\">Timi Krajnc<\/a>: veselim se naslednjega odrskega sre\u010danja!<\/p>\n\n\n\n<p>Hvala, Gregorju <a href=\"https:\/\/www.facebook.com\/gregor.ceric.5?__cft__[0]=AZVhl2-6A5mmXnjhM8VANJU0PuRgl6F1ePGdn4C9By3KE-Rdv80hyzcElC43xuWm_8-PgkmRTL8XkPMjMcOiqT4n1L4o28Zbk1b2VLzCRYt9RN1GaudplwurAogGJYDNTn8yVnoLEF3X3VJzgh7UcGgpkvHoX7T8bcODoXJh-pEFbA&amp;__tn__=-]K-R\">\u010ceri\u010d<\/a>u s Festivala <a href=\"https:\/\/www.facebook.com\/festivallent?__cft__[0]=AZVhl2-6A5mmXnjhM8VANJU0PuRgl6F1ePGdn4C9By3KE-Rdv80hyzcElC43xuWm_8-PgkmRTL8XkPMjMcOiqT4n1L4o28Zbk1b2VLzCRYt9RN1GaudplwurAogGJYDNTn8yVnoLEF3X3VJzgh7UcGgpkvHoX7T8bcODoXJh-pEFbA&amp;__tn__=-]K-R\">Lent<\/a>, da si petek v Sodnem stolpu namenil \u0161ansonu in nas tako velikodu\u0161no pogostil. Pa na\u0161emu Igorju <a href=\"https:\/\/www.facebook.com\/profile.php?id=1528884344&amp;__cft__[0]=AZVhl2-6A5mmXnjhM8VANJU0PuRgl6F1ePGdn4C9By3KE-Rdv80hyzcElC43xuWm_8-PgkmRTL8XkPMjMcOiqT4n1L4o28Zbk1b2VLzCRYt9RN1GaudplwurAogGJYDNTn8yVnoLEF3X3VJzgh7UcGgpkvHoX7T8bcODoXJh-pEFbA&amp;__tn__=-]K-R\">Fekonja<\/a>, da si nas ozvo\u010dil do zadnjega detajla, od pianin in bandoneonov do pra\u0161i\u010dkov. Pa ekipi <a href=\"https:\/\/www.facebook.com\/radiomaribor?__cft__[0]=AZVhl2-6A5mmXnjhM8VANJU0PuRgl6F1ePGdn4C9By3KE-Rdv80hyzcElC43xuWm_8-PgkmRTL8XkPMjMcOiqT4n1L4o28Zbk1b2VLzCRYt9RN1GaudplwurAogGJYDNTn8yVnoLEF3X3VJzgh7UcGgpkvHoX7T8bcODoXJh-pEFbA&amp;__tn__=-]K-R\">Radio Maribor<\/a>, da so nas pri\u0161li posnet.<\/p>\n\n\n\n<p>In hvala vsem, ki ste nam pri\u0161li prisluhnit in nam izkazat podporo ter naklonjenost. Snidimo se spet kmalu.<\/p>\n\n\n\n<p><a href=\"https:\/\/www.facebook.com\/jasa.lorencic?__cft__[0]=AZWv5s_KDVh6Bkk_nEVGzZqk1lcdgfJUXf_UEsb_heUjGzzY7fvAyzifiNRAX8xZULFHKDaUIpPugRd1bZkmHysp1jMRMBJAhXE5YvL_ByUWFNfIn7XTSGo9HjcpKPqYlfdymGh9c8pzeilQ8xfhnoA2fCsOYEVrLORGNu1TpwMu6g&amp;__tn__=-]K-R\">Ja\u0161a Loren\u010di\u010d<\/a> v svoji lentovski izvidnici o mojih \u0161ansonjerskih kriljenjih:<\/p>\n\n\n\n<blockquote class=\"wp-block-quote is-layout-flow wp-block-quote-is-layout-flow\">\n<p>&#8220;V Sodnem stolpu je bila ra\u010dunica jasna. \u00bbVrate pusti kuj odprte.\u00ab Segreva se, je pa res, da je Primo\u017e Vidovi\u010d krenil tako predano, da ni pisnil ni\u010d, vsaj ne med prvimi tremi komadi. Pustil je, da vse najprej povedo njegova besedila. O tem, da ple\u0161i, Barbara, ple\u0161i v Reci, reci Barbara. In potem jo prosi odpu\u0161\u010danja. Nese na vrt. S temi rokami? Si gladko predstavljamo, ker \u010desar ni povedal z besedami, <a><\/a>je z rokami, ki so bile nekaj med violino in dirigentsko palico. \u010ce je ostal prostor, mesto, luknja za kako podpi\u010dje, je pa vsko\u010dila \u010detverica v njegovi zasedbi.&#8221;<\/p>\n<\/blockquote>\n\n\n\n<p><a href=\"https:\/\/nd-mb.si\/kurcslus-tuba-kugla-distopija-in...\/...\">https:\/\/nd-mb.si\/kurcslus-tuba-kugla-distopija-in&#8230;\/&#8230;<\/a><\/p>","protected":false},"excerpt":{"rendered":"<p>Takole nas je Mateja Mirt v objektiv ujela 28. 6. 2024 v Sodnem stolpu. Kako smo se razigrali! No, kako se ne bi \u2013 ko ima\u0161 zbrano ob\u010dinstvo, ki pride z odprtimi u\u0161esi, da za\u010duti ritme in melodije, hkrati pa odprtimi duhovi, da pozorno spremlja besedila, se nanje odziva, se smeji in se v\u017eivi v [&hellip;]<\/p>","protected":false},"author":1,"featured_media":4305,"comment_status":"closed","ping_status":"closed","sticky":false,"template":"","format":"standard","meta":{"inline_featured_image":false,"advanced_seo_description":"","jetpack_seo_html_title":"","jetpack_seo_noindex":false,"_vp_format_video_url":"","_vp_image_focal_point":[],"_jetpack_memberships_contains_paid_content":false,"footnotes":"","jetpack_publicize_message":"","jetpack_publicize_feature_enabled":true,"jetpack_social_post_already_shared":true,"jetpack_social_options":{"image_generator_settings":{"template":"highway","default_image_id":0,"font":"","enabled":false},"version":2}},"categories":[4],"tags":[],"class_list":["post-4295","post","type-post","status-publish","format-standard","has-post-thumbnail","hentry","category-nastop"],"jetpack_publicize_connections":[],"jetpack_featured_media_url":"https:\/\/i0.wp.com\/privid.si\/wp-content\/uploads\/2024\/06\/449433076_3676670119241287_8845041215875632990_n-1.jpg?fit=2048%2C1367&ssl=1","jetpack_shortlink":"https:\/\/wp.me\/pdh6Hw-17h","jetpack_sharing_enabled":true,"_links":{"self":[{"href":"https:\/\/privid.si\/en\/wp-json\/wp\/v2\/posts\/4295","targetHints":{"allow":["GET"]}}],"collection":[{"href":"https:\/\/privid.si\/en\/wp-json\/wp\/v2\/posts"}],"about":[{"href":"https:\/\/privid.si\/en\/wp-json\/wp\/v2\/types\/post"}],"author":[{"embeddable":true,"href":"https:\/\/privid.si\/en\/wp-json\/wp\/v2\/users\/1"}],"replies":[{"embeddable":true,"href":"https:\/\/privid.si\/en\/wp-json\/wp\/v2\/comments?post=4295"}],"version-history":[{"count":4,"href":"https:\/\/privid.si\/en\/wp-json\/wp\/v2\/posts\/4295\/revisions"}],"predecessor-version":[{"id":4354,"href":"https:\/\/privid.si\/en\/wp-json\/wp\/v2\/posts\/4295\/revisions\/4354"}],"wp:featuredmedia":[{"embeddable":true,"href":"https:\/\/privid.si\/en\/wp-json\/wp\/v2\/media\/4305"}],"wp:attachment":[{"href":"https:\/\/privid.si\/en\/wp-json\/wp\/v2\/media?parent=4295"}],"wp:term":[{"taxonomy":"category","embeddable":true,"href":"https:\/\/privid.si\/en\/wp-json\/wp\/v2\/categories?post=4295"},{"taxonomy":"post_tag","embeddable":true,"href":"https:\/\/privid.si\/en\/wp-json\/wp\/v2\/tags?post=4295"}],"curies":[{"name":"wp","href":"https:\/\/api.w.org\/{rel}","templated":true}]}}