{"id":3913,"date":"2024-04-01T13:55:31","date_gmt":"2024-04-01T13:55:31","guid":{"rendered":"https:\/\/privid.si\/?p=3913"},"modified":"2024-04-01T13:55:31","modified_gmt":"2024-04-01T13:55:31","slug":"izid-albuma-carmina-humana-2024","status":"publish","type":"post","link":"https:\/\/privid.si\/en\/glasba\/izid-albuma-carmina-humana-2024\/","title":{"rendered":"Izid albuma &#8220;Carmina humana&#8221; (2024)"},"content":{"rendered":"<p>1. aprila je iz\u0161el album &#8220;Carmina humana&#8221;. Ve\u010d informacij o albumu lahko preberete tukaj:<\/p>\n\n\n\n<div class=\"wp-block-buttons is-layout-flex wp-block-buttons-is-layout-flex\">\n<div class=\"wp-block-button\"><a class=\"wp-block-button__link wp-element-button\" href=\"https:\/\/privid.si\/en\/glasba\/carmina-humana\/\">Ve\u010d \u00bb<\/a><\/div>\n<\/div>\n\n\n\n<div class=\"wp-block-group alignwide is-nowrap is-layout-flex wp-container-core-group-is-layout-f66f9956 wp-block-group-is-layout-flex\">\n<div class=\"wp-block-group is-vertical is-layout-flex wp-container-core-group-is-layout-fe9cc265 wp-block-group-is-layout-flex\">\n<h3 class=\"wp-block-heading\"><em>Kolofon<\/em><\/h3>\n\n\n\n<p><strong>Glasba in besedila:<\/strong><em> <\/em>Primo\u017e Vidovi\u010d<br><strong>Snemanje, miks in mastering: <\/strong>Matja\u017e Daj\u010dar<br>Posneto jeseni 2023 v Mariboru.<br><br><strong>Ilustracije<\/strong><em>:<\/em> Ana Majcen<br><strong>Grafi\u010dno oblikovanje<\/strong><em>: <\/em>Primo\u017e Vidovi\u010d<\/p>\n<\/div>\n\n\n\n<div class=\"wp-block-group is-vertical is-layout-flex wp-container-core-group-is-layout-fe9cc265 wp-block-group-is-layout-flex\">\n<h3 class=\"wp-block-heading\"><em>Izvajalci<\/em><\/h3>\n\n\n\n<ul class=\"wp-block-list\">\n<li>Primo\u017e Vidovi\u010d, <em>glas, klasi\u010dna in akusti\u010dna kitara<\/em>; <\/li>\n\n\n\n<li>Matja\u017e Bala\u017eic, <em>harmonika, glas<\/em>; <\/li>\n\n\n\n<li>Lucie Daj\u010dar, <em>violina, kljunasta sopranino flavta<\/em>; <\/li>\n\n\n\n<li>Timi Krajnc, <em>klasi\u010dna, portugalska in akusti\u010dna kitara<\/em> <\/li>\n\n\n\n<li>Samo Iva\u010di\u010d, <em>spremljevalni glasovi<\/em><\/li>\n<\/ul>\n<\/div>\n<\/div>\n\n\n\n<div style=\"height:6px\" aria-hidden=\"true\" class=\"wp-block-spacer\"><\/div>\n\n\n\n<p class=\"has-text-align-center\"><em>Projekt \u00bbCarmina humana\u00ab je nastal s podporo Ministrstva za kulturo.<\/em><\/p>\n\n\n\n<div class=\"wp-block-group has-x-large-font-size is-content-justification-center is-nowrap is-layout-flex wp-container-core-group-is-layout-16aa3971 wp-block-group-is-layout-flex\" style=\"margin-top:0;margin-bottom:0;padding-top:0;padding-bottom:0\">\n<p class=\"has-text-align-center has-text-color has-link-color has-xx-large-font-size wp-elements-833df7e62472b14362340ca463374507\" style=\"color:#fc3c44\"><a href=\"https:\/\/music.apple.com\/si\/album\/carmina-humana\/1738385460\"><i class=\"fab fa-itunes\"><\/i><\/a> <\/p>\n\n\n\n<p class=\"has-text-align-center has-text-color has-link-color has-xx-large-font-size wp-elements-41b6b560c50e9469b287ee864988fc3c\" style=\"color:#1ed760\"><a href=\"https:\/\/open.spotify.com\/album\/0haCaGbyVDZZxV5riuCV2E?si=CBfFltPPQmOtoJfPIgeq1w\"><i class=\"fab fa-spotify\"><\/i><\/a><\/p>\n\n\n\n<p class=\"has-text-color has-link-color wp-elements-6b0c1127a076dadf48606caac4eb726c\" style=\"color:#cd201f\"><a href=\"https:\/\/music.youtube.com\/playlist?list=OLAK5uy_lsy4Bbn6q1twbIv2ogEIrwmlLEyhz9ouI&amp;si=flDk3AImrG6OfVDR\"><i class=\"fab fa-youtube\"><\/i><\/a><\/p>\n<\/div>\n\n\n<iframe loading=\"lazy\" width=\"100%\" height=\"472\" style=\"position: relative; display: block; width: 100%; height: 472px;\" src=\"\/\/bandcamp.com\/EmbeddedPlayer\/v=2\/album=852579401\/size=large\/bgcol=ffffff\/linkcol=0687f5\/artwork=none\/tracks=626247133,1082103796,3157122999,2522024060,3074129622,2492753049,2418689922,728973351,1256830231,3471159970,745701215,3680493855\/esig=da24c8e4f7202ac3c690cc9e3b2487ae\/\" allowtransparency=\"true\" frameborder=\"0\"><\/iframe>","protected":false},"excerpt":{"rendered":"<p>1. aprila je iz\u0161el album &#8220;Carmina humana&#8221;. Ve\u010d informacij o albumu lahko preberete tukaj: Kolofon Glasba in besedila: Primo\u017e Vidovi\u010dSnemanje, miks in mastering: Matja\u017e Daj\u010darPosneto jeseni 2023 v Mariboru. Ilustracije: Ana MajcenGrafi\u010dno oblikovanje: Primo\u017e Vidovi\u010d Izvajalci Projekt \u00bbCarmina humana\u00ab je nastal s podporo Ministrstva za kulturo.<\/p>","protected":false},"author":1,"featured_media":3815,"comment_status":"closed","ping_status":"closed","sticky":false,"template":"","format":"standard","meta":{"inline_featured_image":false,"advanced_seo_description":"","jetpack_seo_html_title":"","jetpack_seo_noindex":false,"_vp_format_video_url":"","_vp_image_focal_point":[],"_jetpack_memberships_contains_paid_content":false,"footnotes":"","jetpack_publicize_message":"","jetpack_publicize_feature_enabled":true,"jetpack_social_post_already_shared":true,"jetpack_social_options":{"image_generator_settings":{"template":"highway","default_image_id":0,"font":"","enabled":false},"version":2}},"categories":[3],"tags":[],"class_list":["post-3913","post","type-post","status-publish","format-standard","has-post-thumbnail","hentry","category-glasba"],"jetpack_publicize_connections":[],"jetpack_featured_media_url":"https:\/\/i0.wp.com\/privid.si\/wp-content\/uploads\/2022\/03\/2000x2000_prednja.png?fit=2000%2C2000&ssl=1","jetpack_shortlink":"https:\/\/wp.me\/pdh6Hw-117","jetpack_sharing_enabled":true,"_links":{"self":[{"href":"https:\/\/privid.si\/en\/wp-json\/wp\/v2\/posts\/3913","targetHints":{"allow":["GET"]}}],"collection":[{"href":"https:\/\/privid.si\/en\/wp-json\/wp\/v2\/posts"}],"about":[{"href":"https:\/\/privid.si\/en\/wp-json\/wp\/v2\/types\/post"}],"author":[{"embeddable":true,"href":"https:\/\/privid.si\/en\/wp-json\/wp\/v2\/users\/1"}],"replies":[{"embeddable":true,"href":"https:\/\/privid.si\/en\/wp-json\/wp\/v2\/comments?post=3913"}],"version-history":[{"count":1,"href":"https:\/\/privid.si\/en\/wp-json\/wp\/v2\/posts\/3913\/revisions"}],"predecessor-version":[{"id":3914,"href":"https:\/\/privid.si\/en\/wp-json\/wp\/v2\/posts\/3913\/revisions\/3914"}],"wp:featuredmedia":[{"embeddable":true,"href":"https:\/\/privid.si\/en\/wp-json\/wp\/v2\/media\/3815"}],"wp:attachment":[{"href":"https:\/\/privid.si\/en\/wp-json\/wp\/v2\/media?parent=3913"}],"wp:term":[{"taxonomy":"category","embeddable":true,"href":"https:\/\/privid.si\/en\/wp-json\/wp\/v2\/categories?post=3913"},{"taxonomy":"post_tag","embeddable":true,"href":"https:\/\/privid.si\/en\/wp-json\/wp\/v2\/tags?post=3913"}],"curies":[{"name":"wp","href":"https:\/\/api.w.org\/{rel}","templated":true}]}}