{"id":3829,"date":"2024-03-25T12:02:50","date_gmt":"2024-03-25T12:02:50","guid":{"rendered":"https:\/\/privid.si\/?p=3829"},"modified":"2024-03-25T12:19:47","modified_gmt":"2024-03-25T12:19:47","slug":"naznanitev-prvega-albuma-carmina-humana","status":"publish","type":"post","link":"https:\/\/privid.si\/en\/glasba\/naznanitev-prvega-albuma-carmina-humana\/","title":{"rendered":"Napoved prvega albuma: Carmina humana"},"content":{"rendered":"<blockquote class=\"wp-block-quote is-layout-flow wp-block-quote-is-layout-flow\">\n<p>Na svoji prvi plo\u0161\u010di, Carmina humana, \u0161ansonjer in filozof Primo\u017e Vidovi\u010d v zablode dana\u0161njosti strelja svoje najbolj zasoljene pu\u0161\u010dice in obelodanja \u010dlove\u0161ke, pre\u010dlove\u0161ke usode njenih junakov in zlikovcev. V prvi bojni vrsti se mu na harmoniki pridru\u017euje Matja\u017e Bala\u017eic, ki satiram in pripovedim so\u010dno kontrapunktira. Domoljubno svetovljansko, ruralno urbano, pobo\u017eno profano godeta ta igrca enaindvajsetega stoletja in i\u0161\u010deta renesanso v na\u0161em srednjem veku. V gosteh se na goslih oglasi Lucie Daj\u010dar, zabrenka Timi Krajnc in zapoje Samo Iva\u010di\u010d. Vi\u017ee di\u0161ijo po sarajevskih kafanah in dublinskih pivnicah, romajo od Mediterana tja do fjordov Severnega morja, njihove korenine pa segajo v kleno rodno grudo doline \u0160entflorjanske.<\/p>\n<\/blockquote>\n\n\n\n<div class=\"wp-block-buttons is-layout-flex wp-block-buttons-is-layout-flex\">\n<div class=\"wp-block-button\"><a class=\"wp-block-button__link wp-element-button\" href=\"https:\/\/privid.bandcamp.com\/album\/carmina-humana\">Prednaro\u010dilo<\/a><\/div>\n<\/div>\n\n\n\n<div class=\"wp-block-group is-nowrap is-layout-flex wp-container-core-group-is-layout-f66f9956 wp-block-group-is-layout-flex\"><iframe loading=\"lazy\" width=\"350\" height=\"786\" style=\"position: relative; display: block; width: 350px; height: 786px;\" src=\"\/\/bandcamp.com\/EmbeddedPlayer\/v=2\/album=852579401\/size=large\/bgcol=ffffff\/linkcol=0687f5\/\" allowtransparency=\"true\" frameborder=\"0\"><\/iframe>\n\n\n\n<div class=\"wp-block-group is-vertical is-layout-flex wp-container-core-group-is-layout-fe9cc265 wp-block-group-is-layout-flex\">\n<p><em>Izid 1. aprila, 2024\u00a0<\/em><\/p>\n\n\n\n<p><strong>Glasba in besedila:<\/strong> Primo\u017e Vidovi\u010d\u00a0<br><strong>Snemanje, miks in mastering<\/strong>: Matja\u017e Daj\u010dar\u00a0<br><strong>Ilustracija platnice:<\/strong> Ana Majcen\u00a0<br><strong>Grafi\u010dno oblikovanje: <\/strong>Primo\u017e Vidovi\u010d\u00a0<\/p>\n\n\n\n<p><strong>Zasedba:\u00a0<br><\/strong>Primo\u017e Vidovi\u010d, glas in kitara\u00a0<br>Matja\u017e Bala\u017eic, harmonika, glas\u00a0Timi Krajnc, klasi\u010dna kitara, portugalska kitara, bas kitara\u00a0<br>Samo Iva\u010di\u010d, spremljevalni glasovi\u00a0<br>Franz Ferdinand, pra\u0161i\u010dje ogla\u0161anje<\/p>\n<\/div>\n<\/div>","protected":false},"excerpt":{"rendered":"<p>Na svoji prvi plo\u0161\u010di, Carmina humana, \u0161ansonjer in filozof Primo\u017e Vidovi\u010d v zablode dana\u0161njosti strelja svoje najbolj zasoljene pu\u0161\u010dice in obelodanja \u010dlove\u0161ke, pre\u010dlove\u0161ke usode njenih junakov in zlikovcev. V prvi bojni vrsti se mu na harmoniki pridru\u017euje Matja\u017e Bala\u017eic, ki satiram in pripovedim so\u010dno kontrapunktira. Domoljubno svetovljansko, ruralno urbano, pobo\u017eno profano godeta ta igrca enaindvajsetega [&hellip;]<\/p>","protected":false},"author":1,"featured_media":3815,"comment_status":"closed","ping_status":"closed","sticky":false,"template":"","format":"standard","meta":{"inline_featured_image":false,"advanced_seo_description":"","jetpack_seo_html_title":"","jetpack_seo_noindex":false,"_vp_format_video_url":"","_vp_image_focal_point":{"x":0.5,"y":0.2},"_jetpack_memberships_contains_paid_content":false,"footnotes":"","jetpack_publicize_message":"","jetpack_publicize_feature_enabled":true,"jetpack_social_post_already_shared":true,"jetpack_social_options":{"image_generator_settings":{"template":"highway","default_image_id":0,"font":"","enabled":false},"version":2}},"categories":[3],"tags":[],"class_list":["post-3829","post","type-post","status-publish","format-standard","has-post-thumbnail","hentry","category-glasba"],"jetpack_publicize_connections":[],"jetpack_featured_media_url":"https:\/\/i0.wp.com\/privid.si\/wp-content\/uploads\/2022\/03\/2000x2000_prednja.png?fit=2000%2C2000&ssl=1","jetpack_shortlink":"https:\/\/wp.me\/pdh6Hw-ZL","jetpack_sharing_enabled":true,"_links":{"self":[{"href":"https:\/\/privid.si\/en\/wp-json\/wp\/v2\/posts\/3829","targetHints":{"allow":["GET"]}}],"collection":[{"href":"https:\/\/privid.si\/en\/wp-json\/wp\/v2\/posts"}],"about":[{"href":"https:\/\/privid.si\/en\/wp-json\/wp\/v2\/types\/post"}],"author":[{"embeddable":true,"href":"https:\/\/privid.si\/en\/wp-json\/wp\/v2\/users\/1"}],"replies":[{"embeddable":true,"href":"https:\/\/privid.si\/en\/wp-json\/wp\/v2\/comments?post=3829"}],"version-history":[{"count":7,"href":"https:\/\/privid.si\/en\/wp-json\/wp\/v2\/posts\/3829\/revisions"}],"predecessor-version":[{"id":3840,"href":"https:\/\/privid.si\/en\/wp-json\/wp\/v2\/posts\/3829\/revisions\/3840"}],"wp:featuredmedia":[{"embeddable":true,"href":"https:\/\/privid.si\/en\/wp-json\/wp\/v2\/media\/3815"}],"wp:attachment":[{"href":"https:\/\/privid.si\/en\/wp-json\/wp\/v2\/media?parent=3829"}],"wp:term":[{"taxonomy":"category","embeddable":true,"href":"https:\/\/privid.si\/en\/wp-json\/wp\/v2\/categories?post=3829"},{"taxonomy":"post_tag","embeddable":true,"href":"https:\/\/privid.si\/en\/wp-json\/wp\/v2\/tags?post=3829"}],"curies":[{"name":"wp","href":"https:\/\/api.w.org\/{rel}","templated":true}]}}