{"id":352,"date":"2021-09-22T12:08:00","date_gmt":"2021-09-22T12:08:00","guid":{"rendered":"https:\/\/privid.si\/?p=352"},"modified":"2022-01-11T08:39:09","modified_gmt":"2022-01-11T08:39:09","slug":"ko-zacnemo-ze-tako-razcepljen-narod-cepiti-se-bolj-smo-skrenili-s-poti-vecer","status":"publish","type":"post","link":"https:\/\/privid.si\/en\/eseji\/ko-zacnemo-ze-tako-razcepljen-narod-cepiti-se-bolj-smo-skrenili-s-poti-vecer\/","title":{"rendered":"Ko za\u010dnemo \u017ee tako razcepljen narod cepiti \u0161e bolj, smo skrenili s poti (Ve\u010der)"},"content":{"rendered":"<blockquote class=\"wp-block-quote is-layout-flow wp-block-quote-is-layout-flow\"><p>Ko za\u010dnemo \u017ee tako razcepljen narod cepiti \u0161e bolj, menda v slu\u017ebi znanosti in resnice, smo skrenili s poti. Neki priznani prosvetnik si je na dru\u017eabnem omre\u017eju privo\u0161\u010dil &#8220;klasifikacijo kovidnih \u0161kodljivcev&#8221;. Popredal\u010dkal je tiste, ki kazijo znanstveni vrti\u010dek, s tem ko kljubujejo uveljavljeni stroki in ji prepre\u010dujejo uveljavitev njene volje, s \u010dimer ovirajo izhod iz epidemije. \u010ceprav je pohvale vredno, da nekdo posku\u0161a razumeti trenutne dru\u017ebene pojave, ne da bi jih poenostavljal na zlajnane vi\u017ee o neoliberalizmu, omenjena klasifikacija ni ni\u010d manj problemati\u010dna. Ka\u017ee na povr\u0161insko razumevanje duha \u010dasa.<\/p><\/blockquote>\n\n\n\n<p><strong>Preberi<\/strong>:<\/p>\n\n\n\n<p><a href=\"https:\/\/www.vecer.com\/vecerplus\/pogledi\/pogled-ko-zacnemo-ze-tako-razcepljen-narod-cepiti-se-bolj-smo-skrenili-s-poti-10253351\">https:\/\/www.vecer.com\/vecerplus\/pogledi\/pogled-ko-zacnemo-ze-tako-razcepljen-narod-cepiti-se-bolj-smo-skrenili-s-poti-10253351<\/a><\/p>\n\n\n\n<p> <\/p>","protected":false},"excerpt":{"rendered":"<p>Ko za\u010dnemo \u017ee tako razcepljen narod cepiti \u0161e bolj, menda v slu\u017ebi znanosti in resnice, smo skrenili s poti. Neki priznani prosvetnik si je na dru\u017eabnem omre\u017eju privo\u0161\u010dil &#8220;klasifikacijo kovidnih \u0161kodljivcev&#8221;. Popredal\u010dkal je tiste, ki kazijo znanstveni vrti\u010dek, s tem ko kljubujejo uveljavljeni stroki in ji prepre\u010dujejo uveljavitev njene volje, s \u010dimer ovirajo izhod iz [&hellip;]<\/p>","protected":false},"author":1,"featured_media":0,"comment_status":"open","ping_status":"open","sticky":false,"template":"","format":"quote","meta":{"inline_featured_image":false,"advanced_seo_description":"","jetpack_seo_html_title":"","jetpack_seo_noindex":false,"_vp_format_video_url":"","_vp_image_focal_point":[],"_jetpack_memberships_contains_paid_content":false,"footnotes":"","jetpack_publicize_message":"","jetpack_publicize_feature_enabled":true,"jetpack_social_post_already_shared":false,"jetpack_social_options":{"image_generator_settings":{"template":"highway","default_image_id":0,"font":"","enabled":false},"version":2}},"categories":[13],"tags":[],"class_list":["post-352","post","type-post","status-publish","format-quote","hentry","category-eseji","post_format-post-format-quote"],"jetpack_publicize_connections":[],"jetpack_featured_media_url":"","jetpack_shortlink":"https:\/\/wp.me\/pdh6Hw-5G","jetpack_sharing_enabled":true,"_links":{"self":[{"href":"https:\/\/privid.si\/en\/wp-json\/wp\/v2\/posts\/352","targetHints":{"allow":["GET"]}}],"collection":[{"href":"https:\/\/privid.si\/en\/wp-json\/wp\/v2\/posts"}],"about":[{"href":"https:\/\/privid.si\/en\/wp-json\/wp\/v2\/types\/post"}],"author":[{"embeddable":true,"href":"https:\/\/privid.si\/en\/wp-json\/wp\/v2\/users\/1"}],"replies":[{"embeddable":true,"href":"https:\/\/privid.si\/en\/wp-json\/wp\/v2\/comments?post=352"}],"version-history":[{"count":2,"href":"https:\/\/privid.si\/en\/wp-json\/wp\/v2\/posts\/352\/revisions"}],"predecessor-version":[{"id":354,"href":"https:\/\/privid.si\/en\/wp-json\/wp\/v2\/posts\/352\/revisions\/354"}],"wp:attachment":[{"href":"https:\/\/privid.si\/en\/wp-json\/wp\/v2\/media?parent=352"}],"wp:term":[{"taxonomy":"category","embeddable":true,"href":"https:\/\/privid.si\/en\/wp-json\/wp\/v2\/categories?post=352"},{"taxonomy":"post_tag","embeddable":true,"href":"https:\/\/privid.si\/en\/wp-json\/wp\/v2\/tags?post=352"}],"curies":[{"name":"wp","href":"https:\/\/api.w.org\/{rel}","templated":true}]}}