{"id":3377,"date":"2023-10-11T19:31:39","date_gmt":"2023-10-11T19:31:39","guid":{"rendered":"https:\/\/privid.si\/?p=3377"},"modified":"2024-04-29T10:20:16","modified_gmt":"2024-04-29T10:20:16","slug":"pogovarjati-se-o-splavu","status":"publish","type":"post","link":"https:\/\/privid.si\/en\/eseji\/pogovarjati-se-o-splavu\/","title":{"rendered":"Pogovarjati se o splavu (Delo)"},"content":{"rendered":"<blockquote class=\"wp-block-quote is-layout-flow wp-block-quote-is-layout-flow\">\n<p>Pred kulturnim bojem si lahko zatiskamo o\u010di, lahko se mu izogibamo, lahko ga zavra\u010damo, vendar se bo \u0161e naprej odvijal mimo nas. Vpra\u0161anje ni ve\u010d, kako ga bomo prepre\u010dili, ampak kak\u0161no dr\u017eo bomo v njem zavzeli sami in ali bo ta koristna za uresni\u010devanje na\u0161ih vrednot.<a href=\"https:\/\/www.delo.si\/sobotna-priloga\/prepoved-abortusa-ima-v-resnici-zelo-kratko-zgodovino\/\"><\/a><\/p>\n<\/blockquote>\n\n\n\n<div class=\"wp-block-buttons is-layout-flex wp-block-buttons-is-layout-flex\">\n<div class=\"wp-block-button\"><a class=\"wp-block-button__link wp-element-button\" href=\"https:\/\/www.delo.si\/mnenja\/gostujoce-pero\/pogovarjati-se-o-splavu\/\">Preberi<\/a><\/div>\n<\/div>","protected":false},"excerpt":{"rendered":"<p>Pred kulturnim bojem si lahko zatiskamo o\u010di, lahko se mu izogibamo, lahko ga zavra\u010damo, vendar se bo \u0161e naprej odvijal mimo nas. Vpra\u0161anje ni ve\u010d, kako ga bomo prepre\u010dili, ampak kak\u0161no dr\u017eo bomo v njem zavzeli sami in ali bo ta koristna za uresni\u010devanje na\u0161ih vrednot.<\/p>","protected":false},"author":1,"featured_media":3378,"comment_status":"closed","ping_status":"closed","sticky":false,"template":"","format":"standard","meta":{"inline_featured_image":false,"advanced_seo_description":"","jetpack_seo_html_title":"","jetpack_seo_noindex":false,"_vp_format_video_url":"","_vp_image_focal_point":[],"_jetpack_memberships_contains_paid_content":false,"footnotes":"","jetpack_publicize_message":"","jetpack_publicize_feature_enabled":true,"jetpack_social_post_already_shared":true,"jetpack_social_options":{"image_generator_settings":{"template":"highway","default_image_id":0,"font":"","enabled":false},"version":2}},"categories":[13],"tags":[40,41,42,43],"class_list":["post-3377","post","type-post","status-publish","format-standard","has-post-thumbnail","hentry","category-eseji","tag-splav","tag-feminizem","tag-politika","tag-dialog"],"jetpack_publicize_connections":[],"jetpack_featured_media_url":"https:\/\/i0.wp.com\/privid.si\/wp-content\/uploads\/2023\/10\/IMG_1014.jpg?fit=2219%2C1639&ssl=1","jetpack_shortlink":"https:\/\/wp.me\/pdh6Hw-St","jetpack_sharing_enabled":true,"_links":{"self":[{"href":"https:\/\/privid.si\/en\/wp-json\/wp\/v2\/posts\/3377","targetHints":{"allow":["GET"]}}],"collection":[{"href":"https:\/\/privid.si\/en\/wp-json\/wp\/v2\/posts"}],"about":[{"href":"https:\/\/privid.si\/en\/wp-json\/wp\/v2\/types\/post"}],"author":[{"embeddable":true,"href":"https:\/\/privid.si\/en\/wp-json\/wp\/v2\/users\/1"}],"replies":[{"embeddable":true,"href":"https:\/\/privid.si\/en\/wp-json\/wp\/v2\/comments?post=3377"}],"version-history":[{"count":2,"href":"https:\/\/privid.si\/en\/wp-json\/wp\/v2\/posts\/3377\/revisions"}],"predecessor-version":[{"id":3383,"href":"https:\/\/privid.si\/en\/wp-json\/wp\/v2\/posts\/3377\/revisions\/3383"}],"wp:featuredmedia":[{"embeddable":true,"href":"https:\/\/privid.si\/en\/wp-json\/wp\/v2\/media\/3378"}],"wp:attachment":[{"href":"https:\/\/privid.si\/en\/wp-json\/wp\/v2\/media?parent=3377"}],"wp:term":[{"taxonomy":"category","embeddable":true,"href":"https:\/\/privid.si\/en\/wp-json\/wp\/v2\/categories?post=3377"},{"taxonomy":"post_tag","embeddable":true,"href":"https:\/\/privid.si\/en\/wp-json\/wp\/v2\/tags?post=3377"}],"curies":[{"name":"wp","href":"https:\/\/api.w.org\/{rel}","templated":true}]}}