{"id":2723,"date":"2023-07-05T18:20:00","date_gmt":"2023-07-05T18:20:00","guid":{"rendered":"https:\/\/privid.si\/?p=2723"},"modified":"2024-07-18T12:48:11","modified_gmt":"2024-07-18T12:48:11","slug":"intervju-v-oddaji-srce-sansona-ars","status":"publish","type":"post","link":"https:\/\/privid.si\/en\/v-medijih\/intervju-v-medijih\/intervju-v-oddaji-srce-sansona-ars\/","title":{"rendered":"Intervju v oddaji Srce \u0161ansona (Ars)"},"content":{"rendered":"<p>Z Almo Ku\u017eel sem govoril o svojem \u0161ansonskem ustvarjanju v oddaji Srce \u0161ansona na radiu Ars, RTVSLO.<\/p>\n\n\n\n<div class=\"wp-block-buttons is-layout-flex wp-block-buttons-is-layout-flex\">\n<div class=\"wp-block-button\"><a class=\"wp-block-button__link wp-element-button\" href=\"https:\/\/ars.rtvslo.si\/podkast\/srce-sansona\/173250849\/174970040?fbclid=IwAR3cYVDk0aCUsJNVm8qcWEHF1Tza3_bAGCJAgaw4VmkRJWk2yqsaljN19Lc\">Prisluhni \u00bb<\/a><\/div>\n<\/div>","protected":false},"excerpt":{"rendered":"<p>Z Almo Ku\u017eel sem govoril o svojem \u0161ansonskem ustvarjanju v oddaji Srce \u0161ansona na radiu Ars, RTVSLO.<\/p>","protected":false},"author":1,"featured_media":2724,"comment_status":"closed","ping_status":"closed","sticky":false,"template":"","format":"standard","meta":{"inline_featured_image":false,"advanced_seo_description":"","jetpack_seo_html_title":"","jetpack_seo_noindex":false,"_vp_format_video_url":"","_vp_image_focal_point":[],"_jetpack_memberships_contains_paid_content":false,"footnotes":"","jetpack_publicize_message":"","jetpack_publicize_feature_enabled":true,"jetpack_social_post_already_shared":true,"jetpack_social_options":{"image_generator_settings":{"template":"highway","default_image_id":0,"font":"","enabled":false},"version":2}},"categories":[32],"tags":[],"class_list":["post-2723","post","type-post","status-publish","format-standard","has-post-thumbnail","hentry","category-intervju-v-medijih"],"jetpack_publicize_connections":[],"jetpack_featured_media_url":"https:\/\/i0.wp.com\/privid.si\/wp-content\/uploads\/2023\/07\/Screenshot-2023-07-26-at-20.18.39.png?fit=1230%2C1240&ssl=1","jetpack_shortlink":"https:\/\/wp.me\/pdh6Hw-HV","jetpack_sharing_enabled":true,"_links":{"self":[{"href":"https:\/\/privid.si\/en\/wp-json\/wp\/v2\/posts\/2723","targetHints":{"allow":["GET"]}}],"collection":[{"href":"https:\/\/privid.si\/en\/wp-json\/wp\/v2\/posts"}],"about":[{"href":"https:\/\/privid.si\/en\/wp-json\/wp\/v2\/types\/post"}],"author":[{"embeddable":true,"href":"https:\/\/privid.si\/en\/wp-json\/wp\/v2\/users\/1"}],"replies":[{"embeddable":true,"href":"https:\/\/privid.si\/en\/wp-json\/wp\/v2\/comments?post=2723"}],"version-history":[{"count":1,"href":"https:\/\/privid.si\/en\/wp-json\/wp\/v2\/posts\/2723\/revisions"}],"predecessor-version":[{"id":2725,"href":"https:\/\/privid.si\/en\/wp-json\/wp\/v2\/posts\/2723\/revisions\/2725"}],"wp:featuredmedia":[{"embeddable":true,"href":"https:\/\/privid.si\/en\/wp-json\/wp\/v2\/media\/2724"}],"wp:attachment":[{"href":"https:\/\/privid.si\/en\/wp-json\/wp\/v2\/media?parent=2723"}],"wp:term":[{"taxonomy":"category","embeddable":true,"href":"https:\/\/privid.si\/en\/wp-json\/wp\/v2\/categories?post=2723"},{"taxonomy":"post_tag","embeddable":true,"href":"https:\/\/privid.si\/en\/wp-json\/wp\/v2\/tags?post=2723"}],"curies":[{"name":"wp","href":"https:\/\/api.w.org\/{rel}","templated":true}]}}