{"id":2647,"date":"2023-05-06T12:19:56","date_gmt":"2023-05-06T12:19:56","guid":{"rendered":"https:\/\/privid.si\/?p=2647"},"modified":"2024-07-18T12:48:27","modified_gmt":"2024-07-18T12:48:27","slug":"vidovic-kos-na-koncertu-ba-kanala","status":"publish","type":"post","link":"https:\/\/privid.si\/en\/glasba\/nastop\/vidovic-kos-na-koncertu-ba-kanala\/","title":{"rendered":"Vidovi\u010d &#038; Kos na koncertu Ba kanala"},"content":{"rendered":"<p>6. maja sva z Andrejem nastopila na koncertu celjskega Ba kanala, ki \u017ee vrsto let mladim glasbenikom omogo\u010da, da pri njih nastopijo in posnamejo avdiovideo posnetke svojih koncertov, te pa zbirajo v svoji spletni knji\u017enici sve\u017ee slovenske glasbe. Spodaj nekaj fotografij s koncerta. <\/p>\n\n\n\n<p><strong>Fotograf<\/strong>: Bo\u0161tjan Imperl<\/p>\n\n\n\n<div class=\"wp-block-jetpack-tiled-gallery aligncenter is-style-rectangular\"><div class=\"tiled-gallery__gallery\"><div class=\"tiled-gallery__row\"><div class=\"tiled-gallery__col\" style=\"flex-basis:38.99790%\"><figure class=\"tiled-gallery__item\"><a href=\"https:\/\/privid.si\/en\/?attachment_id=2652\"><img decoding=\"async\" data-attachment-id=\"2652\" data-permalink=\"https:\/\/privid.si\/en\/glasba\/nastop\/vidovic-kos-na-koncertu-ba-kanala\/attachment\/vid_kos-7\/\" data-orig-file=\"https:\/\/i0.wp.com\/privid.si\/wp-content\/uploads\/2023\/05\/Vid_Kos-7-scaled.jpg?fit=2560%2C1920&amp;ssl=1\" data-orig-size=\"2560,1920\" data-comments-opened=\"0\" data-image-meta=\"{&quot;aperture&quot;:&quot;3.5&quot;,&quot;credit&quot;:&quot;&quot;,&quot;camera&quot;:&quot;NIKON D750&quot;,&quot;caption&quot;:&quot;&quot;,&quot;created_timestamp&quot;:&quot;1683405639&quot;,&quot;copyright&quot;:&quot;&quot;,&quot;focal_length&quot;:&quot;34&quot;,&quot;iso&quot;:&quot;2000&quot;,&quot;shutter_speed&quot;:&quot;0.004&quot;,&quot;title&quot;:&quot;&quot;,&quot;orientation&quot;:&quot;0&quot;}\" data-image-title=\"Vidovi\u010d &amp;#038; Kos na koncertu Ba kanala (foto: Bo\u0161tjan Imperl)\" data-image-description=\"&lt;p&gt;Vidovi\u010d &amp;#038; Kos na koncertu Ba kanala (foto: Bo\u0161tjan Imperl)&lt;\/p&gt;\" data-image-caption=\"&lt;p&gt;Vidovi\u010d &amp;#038; Kos na koncertu Ba kanala (foto: Bo\u0161tjan Imperl)&lt;\/p&gt;\" data-medium-file=\"https:\/\/i0.wp.com\/privid.si\/wp-content\/uploads\/2023\/05\/Vid_Kos-7-scaled.jpg?fit=300%2C225&amp;ssl=1\" data-large-file=\"https:\/\/i0.wp.com\/privid.si\/wp-content\/uploads\/2023\/05\/Vid_Kos-7-scaled.jpg?fit=1024%2C768&amp;ssl=1\" role=\"button\" tabindex=\"0\" aria-label=\"Open image 1 of 12 in full-screen\" srcset=\"https:\/\/i2.wp.com\/privid.si\/wp-content\/uploads\/2023\/05\/Vid_Kos-7-1024x768.jpg?strip=info&#038;w=600&#038;ssl=1 600w,https:\/\/i2.wp.com\/privid.si\/wp-content\/uploads\/2023\/05\/Vid_Kos-7-1024x768.jpg?strip=info&#038;w=900&#038;ssl=1 900w,https:\/\/i2.wp.com\/privid.si\/wp-content\/uploads\/2023\/05\/Vid_Kos-7-1024x768.jpg?strip=info&#038;w=1200&#038;ssl=1 1200w,https:\/\/i2.wp.com\/privid.si\/wp-content\/uploads\/2023\/05\/Vid_Kos-7-1024x768.jpg?strip=info&#038;w=1500&#038;ssl=1 1500w,https:\/\/i2.wp.com\/privid.si\/wp-content\/uploads\/2023\/05\/Vid_Kos-7-1024x768.jpg?strip=info&#038;w=1800&#038;ssl=1 1800w,https:\/\/i2.wp.com\/privid.si\/wp-content\/uploads\/2023\/05\/Vid_Kos-7-1024x768.jpg?strip=info&#038;w=2000&#038;ssl=1 2000w\" alt=\"Vidovi\u010d &amp; Kos na koncertu Ba kanala (foto: Bo\u0161tjan Imperl)\" data-height=\"1920\" data-id=\"2652\" data-link=\"https:\/\/privid.si\/?attachment_id=2652\" data-url=\"https:\/\/privid.si\/wp-content\/uploads\/2023\/05\/Vid_Kos-7-1024x768.jpg\" data-width=\"2560\" src=\"https:\/\/i2.wp.com\/privid.si\/wp-content\/uploads\/2023\/05\/Vid_Kos-7-1024x768.jpg?ssl=1\" data-amp-layout=\"responsive\"\/><\/a><\/figure><\/div><div class=\"tiled-gallery__col\" style=\"flex-basis:22.00420%\"><figure class=\"tiled-gallery__item\"><a href=\"https:\/\/privid.si\/en\/?attachment_id=2649\"><img decoding=\"async\" data-attachment-id=\"2649\" data-permalink=\"https:\/\/privid.si\/en\/glasba\/nastop\/vidovic-kos-na-koncertu-ba-kanala\/attachment\/vid_kos-10\/\" data-orig-file=\"https:\/\/i0.wp.com\/privid.si\/wp-content\/uploads\/2023\/05\/Vid_Kos-10-scaled.jpg?fit=1920%2C2560&amp;ssl=1\" data-orig-size=\"1920,2560\" data-comments-opened=\"0\" data-image-meta=\"{&quot;aperture&quot;:&quot;3.5&quot;,&quot;credit&quot;:&quot;&quot;,&quot;camera&quot;:&quot;NIKON D750&quot;,&quot;caption&quot;:&quot;&quot;,&quot;created_timestamp&quot;:&quot;1683406056&quot;,&quot;copyright&quot;:&quot;&quot;,&quot;focal_length&quot;:&quot;50&quot;,&quot;iso&quot;:&quot;2000&quot;,&quot;shutter_speed&quot;:&quot;0.004&quot;,&quot;title&quot;:&quot;&quot;,&quot;orientation&quot;:&quot;0&quot;}\" data-image-title=\"Vidovi\u010d &amp;#038; Kos na koncertu Ba kanala (foto: Bo\u0161tjan Imperl)\" data-image-description=\"\" data-image-caption=\"&lt;p&gt;Vidovi\u010d &amp;#038; Kos na koncertu Ba kanala (foto: Bo\u0161tjan Imperl)&lt;\/p&gt;\" data-medium-file=\"https:\/\/i0.wp.com\/privid.si\/wp-content\/uploads\/2023\/05\/Vid_Kos-10-scaled.jpg?fit=225%2C300&amp;ssl=1\" data-large-file=\"https:\/\/i0.wp.com\/privid.si\/wp-content\/uploads\/2023\/05\/Vid_Kos-10-scaled.jpg?fit=768%2C1024&amp;ssl=1\" role=\"button\" tabindex=\"0\" aria-label=\"Open image 2 of 12 in full-screen\" srcset=\"https:\/\/i1.wp.com\/privid.si\/wp-content\/uploads\/2023\/05\/Vid_Kos-10-768x1024.jpg?strip=info&#038;w=600&#038;ssl=1 600w,https:\/\/i1.wp.com\/privid.si\/wp-content\/uploads\/2023\/05\/Vid_Kos-10-768x1024.jpg?strip=info&#038;w=900&#038;ssl=1 900w,https:\/\/i1.wp.com\/privid.si\/wp-content\/uploads\/2023\/05\/Vid_Kos-10-768x1024.jpg?strip=info&#038;w=1200&#038;ssl=1 1200w,https:\/\/i1.wp.com\/privid.si\/wp-content\/uploads\/2023\/05\/Vid_Kos-10-768x1024.jpg?strip=info&#038;w=1500&#038;ssl=1 1500w,https:\/\/i1.wp.com\/privid.si\/wp-content\/uploads\/2023\/05\/Vid_Kos-10-768x1024.jpg?strip=info&#038;w=1800&#038;ssl=1 1800w,https:\/\/i1.wp.com\/privid.si\/wp-content\/uploads\/2023\/05\/Vid_Kos-10-768x1024.jpg?strip=info&#038;w=1920&#038;ssl=1 1920w\" alt=\"Vidovi\u010d &amp; Kos na koncertu Ba kanala (foto: Bo\u0161tjan Imperl)\" data-height=\"2560\" data-id=\"2649\" data-link=\"https:\/\/privid.si\/?attachment_id=2649\" data-url=\"https:\/\/privid.si\/wp-content\/uploads\/2023\/05\/Vid_Kos-10-768x1024.jpg\" data-width=\"1920\" src=\"https:\/\/i1.wp.com\/privid.si\/wp-content\/uploads\/2023\/05\/Vid_Kos-10-768x1024.jpg?ssl=1\" data-amp-layout=\"responsive\"\/><\/a><\/figure><\/div><div class=\"tiled-gallery__col\" style=\"flex-basis:38.99790%\"><figure class=\"tiled-gallery__item\"><a href=\"https:\/\/privid.si\/en\/?attachment_id=2650\"><img decoding=\"async\" data-attachment-id=\"2650\" data-permalink=\"https:\/\/privid.si\/en\/glasba\/nastop\/vidovic-kos-na-koncertu-ba-kanala\/attachment\/vid_kos-2\/\" data-orig-file=\"https:\/\/i0.wp.com\/privid.si\/wp-content\/uploads\/2023\/05\/Vid_Kos-2-scaled.jpg?fit=2560%2C1920&amp;ssl=1\" data-orig-size=\"2560,1920\" data-comments-opened=\"0\" data-image-meta=\"{&quot;aperture&quot;:&quot;3.2&quot;,&quot;credit&quot;:&quot;&quot;,&quot;camera&quot;:&quot;NIKON D750&quot;,&quot;caption&quot;:&quot;&quot;,&quot;created_timestamp&quot;:&quot;1683405115&quot;,&quot;copyright&quot;:&quot;&quot;,&quot;focal_length&quot;:&quot;48&quot;,&quot;iso&quot;:&quot;2000&quot;,&quot;shutter_speed&quot;:&quot;0.004&quot;,&quot;title&quot;:&quot;&quot;,&quot;orientation&quot;:&quot;0&quot;}\" data-image-title=\"Vidovi\u010d &amp;#038; Kos na koncertu Ba kanala (foto: Bo\u0161tjan Imperl)\" data-image-description=\"\" data-image-caption=\"&lt;p&gt;Vidovi\u010d &amp;#038; Kos na koncertu Ba kanala (foto: Bo\u0161tjan Imperl)&lt;\/p&gt;\" data-medium-file=\"https:\/\/i0.wp.com\/privid.si\/wp-content\/uploads\/2023\/05\/Vid_Kos-2-scaled.jpg?fit=300%2C225&amp;ssl=1\" data-large-file=\"https:\/\/i0.wp.com\/privid.si\/wp-content\/uploads\/2023\/05\/Vid_Kos-2-scaled.jpg?fit=1024%2C768&amp;ssl=1\" role=\"button\" tabindex=\"0\" aria-label=\"Open image 3 of 12 in full-screen\" srcset=\"https:\/\/i1.wp.com\/privid.si\/wp-content\/uploads\/2023\/05\/Vid_Kos-2-1024x768.jpg?strip=info&#038;w=600&#038;ssl=1 600w,https:\/\/i1.wp.com\/privid.si\/wp-content\/uploads\/2023\/05\/Vid_Kos-2-1024x768.jpg?strip=info&#038;w=900&#038;ssl=1 900w,https:\/\/i1.wp.com\/privid.si\/wp-content\/uploads\/2023\/05\/Vid_Kos-2-1024x768.jpg?strip=info&#038;w=1200&#038;ssl=1 1200w,https:\/\/i1.wp.com\/privid.si\/wp-content\/uploads\/2023\/05\/Vid_Kos-2-1024x768.jpg?strip=info&#038;w=1500&#038;ssl=1 1500w,https:\/\/i1.wp.com\/privid.si\/wp-content\/uploads\/2023\/05\/Vid_Kos-2-1024x768.jpg?strip=info&#038;w=1800&#038;ssl=1 1800w,https:\/\/i1.wp.com\/privid.si\/wp-content\/uploads\/2023\/05\/Vid_Kos-2-1024x768.jpg?strip=info&#038;w=2000&#038;ssl=1 2000w\" alt=\"Vidovi\u010d &amp; Kos na koncertu Ba kanala (foto: Bo\u0161tjan Imperl)\" data-height=\"1920\" data-id=\"2650\" data-link=\"https:\/\/privid.si\/?attachment_id=2650\" data-url=\"https:\/\/privid.si\/wp-content\/uploads\/2023\/05\/Vid_Kos-2-1024x768.jpg\" data-width=\"2560\" src=\"https:\/\/i1.wp.com\/privid.si\/wp-content\/uploads\/2023\/05\/Vid_Kos-2-1024x768.jpg?ssl=1\" data-amp-layout=\"responsive\"\/><\/a><\/figure><\/div><\/div><div class=\"tiled-gallery__row\"><div class=\"tiled-gallery__col\" style=\"flex-basis:66.78711%\"><figure class=\"tiled-gallery__item\"><a href=\"https:\/\/privid.si\/en\/?attachment_id=2651\"><img decoding=\"async\" data-attachment-id=\"2651\" data-permalink=\"https:\/\/privid.si\/en\/glasba\/nastop\/vidovic-kos-na-koncertu-ba-kanala\/attachment\/vid_kos-4\/\" data-orig-file=\"https:\/\/i0.wp.com\/privid.si\/wp-content\/uploads\/2023\/05\/Vid_Kos-4-scaled.jpg?fit=2560%2C1920&amp;ssl=1\" data-orig-size=\"2560,1920\" data-comments-opened=\"0\" data-image-meta=\"{&quot;aperture&quot;:&quot;3.2&quot;,&quot;credit&quot;:&quot;&quot;,&quot;camera&quot;:&quot;NIKON D750&quot;,&quot;caption&quot;:&quot;&quot;,&quot;created_timestamp&quot;:&quot;1683405269&quot;,&quot;copyright&quot;:&quot;&quot;,&quot;focal_length&quot;:&quot;32&quot;,&quot;iso&quot;:&quot;2000&quot;,&quot;shutter_speed&quot;:&quot;0.004&quot;,&quot;title&quot;:&quot;&quot;,&quot;orientation&quot;:&quot;0&quot;}\" data-image-title=\"Vidovi\u010d &amp;#038; Kos na koncertu Ba kanala (foto: Bo\u0161tjan Imperl)\" data-image-description=\"\" data-image-caption=\"&lt;p&gt;Vidovi\u010d &amp;#038; Kos na koncertu Ba kanala (foto: Bo\u0161tjan Imperl)&lt;\/p&gt;\" data-medium-file=\"https:\/\/i0.wp.com\/privid.si\/wp-content\/uploads\/2023\/05\/Vid_Kos-4-scaled.jpg?fit=300%2C225&amp;ssl=1\" data-large-file=\"https:\/\/i0.wp.com\/privid.si\/wp-content\/uploads\/2023\/05\/Vid_Kos-4-scaled.jpg?fit=1024%2C768&amp;ssl=1\" role=\"button\" tabindex=\"0\" aria-label=\"Open image 4 of 12 in full-screen\" srcset=\"https:\/\/i2.wp.com\/privid.si\/wp-content\/uploads\/2023\/05\/Vid_Kos-4-1024x768.jpg?strip=info&#038;w=600&#038;ssl=1 600w,https:\/\/i2.wp.com\/privid.si\/wp-content\/uploads\/2023\/05\/Vid_Kos-4-1024x768.jpg?strip=info&#038;w=900&#038;ssl=1 900w,https:\/\/i2.wp.com\/privid.si\/wp-content\/uploads\/2023\/05\/Vid_Kos-4-1024x768.jpg?strip=info&#038;w=1200&#038;ssl=1 1200w,https:\/\/i2.wp.com\/privid.si\/wp-content\/uploads\/2023\/05\/Vid_Kos-4-1024x768.jpg?strip=info&#038;w=1500&#038;ssl=1 1500w,https:\/\/i2.wp.com\/privid.si\/wp-content\/uploads\/2023\/05\/Vid_Kos-4-1024x768.jpg?strip=info&#038;w=1800&#038;ssl=1 1800w,https:\/\/i2.wp.com\/privid.si\/wp-content\/uploads\/2023\/05\/Vid_Kos-4-1024x768.jpg?strip=info&#038;w=2000&#038;ssl=1 2000w\" alt=\"Vidovi\u010d &amp; Kos na koncertu Ba kanala (foto: Bo\u0161tjan Imperl)\" data-height=\"1920\" data-id=\"2651\" data-link=\"https:\/\/privid.si\/?attachment_id=2651\" data-url=\"https:\/\/privid.si\/wp-content\/uploads\/2023\/05\/Vid_Kos-4-1024x768.jpg\" data-width=\"2560\" src=\"https:\/\/i2.wp.com\/privid.si\/wp-content\/uploads\/2023\/05\/Vid_Kos-4-1024x768.jpg?ssl=1\" data-amp-layout=\"responsive\"\/><\/a><\/figure><\/div><div class=\"tiled-gallery__col\" style=\"flex-basis:33.21289%\"><figure class=\"tiled-gallery__item\"><a href=\"https:\/\/privid.si\/en\/?attachment_id=2653\"><img decoding=\"async\" data-attachment-id=\"2653\" data-permalink=\"https:\/\/privid.si\/en\/glasba\/nastop\/vidovic-kos-na-koncertu-ba-kanala\/attachment\/vid_kos-1\/\" data-orig-file=\"https:\/\/i0.wp.com\/privid.si\/wp-content\/uploads\/2023\/05\/Vid_Kos-1-scaled.jpg?fit=2560%2C1920&amp;ssl=1\" data-orig-size=\"2560,1920\" data-comments-opened=\"0\" data-image-meta=\"{&quot;aperture&quot;:&quot;3.2&quot;,&quot;credit&quot;:&quot;&quot;,&quot;camera&quot;:&quot;NIKON D750&quot;,&quot;caption&quot;:&quot;&quot;,&quot;created_timestamp&quot;:&quot;1683405070&quot;,&quot;copyright&quot;:&quot;&quot;,&quot;focal_length&quot;:&quot;45&quot;,&quot;iso&quot;:&quot;2000&quot;,&quot;shutter_speed&quot;:&quot;0.005&quot;,&quot;title&quot;:&quot;&quot;,&quot;orientation&quot;:&quot;0&quot;}\" data-image-title=\"Vidovi\u010d &amp;#038; Kos na koncertu Ba kanala (foto: Bo\u0161tjan Imperl)\" data-image-description=\"\" data-image-caption=\"&lt;p&gt;Vidovi\u010d &amp;#038; Kos na koncertu Ba kanala (foto: Bo\u0161tjan Imperl)&lt;\/p&gt;\" data-medium-file=\"https:\/\/i0.wp.com\/privid.si\/wp-content\/uploads\/2023\/05\/Vid_Kos-1-scaled.jpg?fit=300%2C225&amp;ssl=1\" data-large-file=\"https:\/\/i0.wp.com\/privid.si\/wp-content\/uploads\/2023\/05\/Vid_Kos-1-scaled.jpg?fit=1024%2C768&amp;ssl=1\" role=\"button\" tabindex=\"0\" aria-label=\"Open image 5 of 12 in full-screen\" srcset=\"https:\/\/i2.wp.com\/privid.si\/wp-content\/uploads\/2023\/05\/Vid_Kos-1-1024x768.jpg?strip=info&#038;w=600&#038;ssl=1 600w,https:\/\/i2.wp.com\/privid.si\/wp-content\/uploads\/2023\/05\/Vid_Kos-1-1024x768.jpg?strip=info&#038;w=900&#038;ssl=1 900w,https:\/\/i2.wp.com\/privid.si\/wp-content\/uploads\/2023\/05\/Vid_Kos-1-1024x768.jpg?strip=info&#038;w=1200&#038;ssl=1 1200w,https:\/\/i2.wp.com\/privid.si\/wp-content\/uploads\/2023\/05\/Vid_Kos-1-1024x768.jpg?strip=info&#038;w=1500&#038;ssl=1 1500w,https:\/\/i2.wp.com\/privid.si\/wp-content\/uploads\/2023\/05\/Vid_Kos-1-1024x768.jpg?strip=info&#038;w=1800&#038;ssl=1 1800w,https:\/\/i2.wp.com\/privid.si\/wp-content\/uploads\/2023\/05\/Vid_Kos-1-1024x768.jpg?strip=info&#038;w=2000&#038;ssl=1 2000w\" alt=\"Vidovi\u010d &amp; Kos na koncertu Ba kanala (foto: Bo\u0161tjan Imperl)\" data-height=\"1920\" data-id=\"2653\" data-link=\"https:\/\/privid.si\/?attachment_id=2653\" data-url=\"https:\/\/privid.si\/wp-content\/uploads\/2023\/05\/Vid_Kos-1-1024x768.jpg\" data-width=\"2560\" src=\"https:\/\/i2.wp.com\/privid.si\/wp-content\/uploads\/2023\/05\/Vid_Kos-1-1024x768.jpg?ssl=1\" data-amp-layout=\"responsive\"\/><\/a><\/figure><figure class=\"tiled-gallery__item\"><a href=\"https:\/\/privid.si\/en\/?attachment_id=2654\"><img decoding=\"async\" data-attachment-id=\"2654\" data-permalink=\"https:\/\/privid.si\/en\/glasba\/nastop\/vidovic-kos-na-koncertu-ba-kanala\/attachment\/vid_kos-5\/\" data-orig-file=\"https:\/\/i0.wp.com\/privid.si\/wp-content\/uploads\/2023\/05\/Vid_Kos-5-scaled.jpg?fit=2560%2C1920&amp;ssl=1\" data-orig-size=\"2560,1920\" data-comments-opened=\"0\" data-image-meta=\"{&quot;aperture&quot;:&quot;4&quot;,&quot;credit&quot;:&quot;&quot;,&quot;camera&quot;:&quot;NIKON D750&quot;,&quot;caption&quot;:&quot;&quot;,&quot;created_timestamp&quot;:&quot;1683405371&quot;,&quot;copyright&quot;:&quot;&quot;,&quot;focal_length&quot;:&quot;70&quot;,&quot;iso&quot;:&quot;2000&quot;,&quot;shutter_speed&quot;:&quot;0.005&quot;,&quot;title&quot;:&quot;&quot;,&quot;orientation&quot;:&quot;0&quot;}\" data-image-title=\"Vidovi\u010d &amp;#038; Kos na koncertu Ba kanala (foto: Bo\u0161tjan Imperl)\" data-image-description=\"\" data-image-caption=\"&lt;p&gt;Vidovi\u010d &amp;#038; Kos na koncertu Ba kanala (foto: Bo\u0161tjan Imperl)&lt;\/p&gt;\" data-medium-file=\"https:\/\/i0.wp.com\/privid.si\/wp-content\/uploads\/2023\/05\/Vid_Kos-5-scaled.jpg?fit=300%2C225&amp;ssl=1\" data-large-file=\"https:\/\/i0.wp.com\/privid.si\/wp-content\/uploads\/2023\/05\/Vid_Kos-5-scaled.jpg?fit=1024%2C768&amp;ssl=1\" role=\"button\" tabindex=\"0\" aria-label=\"Open image 6 of 12 in full-screen\" srcset=\"https:\/\/i2.wp.com\/privid.si\/wp-content\/uploads\/2023\/05\/Vid_Kos-5-1024x768.jpg?strip=info&#038;w=600&#038;ssl=1 600w,https:\/\/i2.wp.com\/privid.si\/wp-content\/uploads\/2023\/05\/Vid_Kos-5-1024x768.jpg?strip=info&#038;w=900&#038;ssl=1 900w,https:\/\/i2.wp.com\/privid.si\/wp-content\/uploads\/2023\/05\/Vid_Kos-5-1024x768.jpg?strip=info&#038;w=1200&#038;ssl=1 1200w,https:\/\/i2.wp.com\/privid.si\/wp-content\/uploads\/2023\/05\/Vid_Kos-5-1024x768.jpg?strip=info&#038;w=1500&#038;ssl=1 1500w,https:\/\/i2.wp.com\/privid.si\/wp-content\/uploads\/2023\/05\/Vid_Kos-5-1024x768.jpg?strip=info&#038;w=1800&#038;ssl=1 1800w,https:\/\/i2.wp.com\/privid.si\/wp-content\/uploads\/2023\/05\/Vid_Kos-5-1024x768.jpg?strip=info&#038;w=2000&#038;ssl=1 2000w\" alt=\"Vidovi\u010d &amp; Kos na koncertu Ba kanala (foto: Bo\u0161tjan Imperl)\" data-height=\"1920\" data-id=\"2654\" data-link=\"https:\/\/privid.si\/?attachment_id=2654\" data-url=\"https:\/\/privid.si\/wp-content\/uploads\/2023\/05\/Vid_Kos-5-1024x768.jpg\" data-width=\"2560\" src=\"https:\/\/i2.wp.com\/privid.si\/wp-content\/uploads\/2023\/05\/Vid_Kos-5-1024x768.jpg?ssl=1\" data-amp-layout=\"responsive\"\/><\/a><\/figure><\/div><\/div><div class=\"tiled-gallery__row\"><div class=\"tiled-gallery__col\" style=\"flex-basis:66.12266%\"><figure class=\"tiled-gallery__item\"><a href=\"https:\/\/privid.si\/en\/?attachment_id=2655\"><img decoding=\"async\" data-attachment-id=\"2655\" data-permalink=\"https:\/\/privid.si\/en\/glasba\/nastop\/vidovic-kos-na-koncertu-ba-kanala\/attachment\/vid_kos-8\/\" data-orig-file=\"https:\/\/i0.wp.com\/privid.si\/wp-content\/uploads\/2023\/05\/Vid_Kos-8-scaled.jpg?fit=2560%2C1745&amp;ssl=1\" data-orig-size=\"2560,1745\" data-comments-opened=\"0\" data-image-meta=\"{&quot;aperture&quot;:&quot;3.5&quot;,&quot;credit&quot;:&quot;&quot;,&quot;camera&quot;:&quot;NIKON D750&quot;,&quot;caption&quot;:&quot;&quot;,&quot;created_timestamp&quot;:&quot;1683405770&quot;,&quot;copyright&quot;:&quot;&quot;,&quot;focal_length&quot;:&quot;55&quot;,&quot;iso&quot;:&quot;2000&quot;,&quot;shutter_speed&quot;:&quot;0.005&quot;,&quot;title&quot;:&quot;&quot;,&quot;orientation&quot;:&quot;0&quot;}\" data-image-title=\"Vidovi\u010d &amp;#038; Kos na koncertu Ba kanala (foto: Bo\u0161tjan Imperl)\" data-image-description=\"\" data-image-caption=\"&lt;p&gt;Vidovi\u010d &amp;#038; Kos na koncertu Ba kanala (foto: Bo\u0161tjan Imperl)&lt;\/p&gt;\" data-medium-file=\"https:\/\/i0.wp.com\/privid.si\/wp-content\/uploads\/2023\/05\/Vid_Kos-8-scaled.jpg?fit=300%2C204&amp;ssl=1\" data-large-file=\"https:\/\/i0.wp.com\/privid.si\/wp-content\/uploads\/2023\/05\/Vid_Kos-8-scaled.jpg?fit=1024%2C698&amp;ssl=1\" role=\"button\" tabindex=\"0\" aria-label=\"Open image 7 of 12 in full-screen\" srcset=\"https:\/\/i1.wp.com\/privid.si\/wp-content\/uploads\/2023\/05\/Vid_Kos-8-1024x698.jpg?strip=info&#038;w=600&#038;ssl=1 600w,https:\/\/i1.wp.com\/privid.si\/wp-content\/uploads\/2023\/05\/Vid_Kos-8-1024x698.jpg?strip=info&#038;w=900&#038;ssl=1 900w,https:\/\/i1.wp.com\/privid.si\/wp-content\/uploads\/2023\/05\/Vid_Kos-8-1024x698.jpg?strip=info&#038;w=1200&#038;ssl=1 1200w,https:\/\/i1.wp.com\/privid.si\/wp-content\/uploads\/2023\/05\/Vid_Kos-8-1024x698.jpg?strip=info&#038;w=1500&#038;ssl=1 1500w,https:\/\/i1.wp.com\/privid.si\/wp-content\/uploads\/2023\/05\/Vid_Kos-8-1024x698.jpg?strip=info&#038;w=1800&#038;ssl=1 1800w,https:\/\/i1.wp.com\/privid.si\/wp-content\/uploads\/2023\/05\/Vid_Kos-8-1024x698.jpg?strip=info&#038;w=2000&#038;ssl=1 2000w\" alt=\"Vidovi\u010d &amp; Kos na koncertu Ba kanala (foto: Bo\u0161tjan Imperl)\" data-height=\"1745\" data-id=\"2655\" data-link=\"https:\/\/privid.si\/?attachment_id=2655\" data-url=\"https:\/\/privid.si\/wp-content\/uploads\/2023\/05\/Vid_Kos-8-1024x698.jpg\" data-width=\"2560\" src=\"https:\/\/i1.wp.com\/privid.si\/wp-content\/uploads\/2023\/05\/Vid_Kos-8-1024x698.jpg?ssl=1\" data-amp-layout=\"responsive\"\/><\/a><\/figure><\/div><div class=\"tiled-gallery__col\" style=\"flex-basis:33.87734%\"><figure class=\"tiled-gallery__item\"><a href=\"https:\/\/privid.si\/en\/?attachment_id=2656\"><img decoding=\"async\" data-attachment-id=\"2656\" data-permalink=\"https:\/\/privid.si\/en\/glasba\/nastop\/vidovic-kos-na-koncertu-ba-kanala\/attachment\/vid_kos-12\/\" data-orig-file=\"https:\/\/i0.wp.com\/privid.si\/wp-content\/uploads\/2023\/05\/Vid_Kos-12-scaled.jpg?fit=1920%2C2560&amp;ssl=1\" data-orig-size=\"1920,2560\" data-comments-opened=\"0\" data-image-meta=\"{&quot;aperture&quot;:&quot;3.5&quot;,&quot;credit&quot;:&quot;&quot;,&quot;camera&quot;:&quot;NIKON D750&quot;,&quot;caption&quot;:&quot;&quot;,&quot;created_timestamp&quot;:&quot;1683406258&quot;,&quot;copyright&quot;:&quot;&quot;,&quot;focal_length&quot;:&quot;70&quot;,&quot;iso&quot;:&quot;2000&quot;,&quot;shutter_speed&quot;:&quot;0.005&quot;,&quot;title&quot;:&quot;&quot;,&quot;orientation&quot;:&quot;0&quot;}\" data-image-title=\"Vidovi\u010d &amp;#038; Kos na koncertu Ba kanala (foto: Bo\u0161tjan Imperl)\" data-image-description=\"\" data-image-caption=\"&lt;p&gt;Vidovi\u010d &amp;#038; Kos na koncertu Ba kanala (foto: Bo\u0161tjan Imperl)&lt;\/p&gt;\" data-medium-file=\"https:\/\/i0.wp.com\/privid.si\/wp-content\/uploads\/2023\/05\/Vid_Kos-12-scaled.jpg?fit=225%2C300&amp;ssl=1\" data-large-file=\"https:\/\/i0.wp.com\/privid.si\/wp-content\/uploads\/2023\/05\/Vid_Kos-12-scaled.jpg?fit=768%2C1024&amp;ssl=1\" role=\"button\" tabindex=\"0\" aria-label=\"Open image 8 of 12 in full-screen\" srcset=\"https:\/\/i2.wp.com\/privid.si\/wp-content\/uploads\/2023\/05\/Vid_Kos-12-768x1024.jpg?strip=info&#038;w=600&#038;ssl=1 600w,https:\/\/i2.wp.com\/privid.si\/wp-content\/uploads\/2023\/05\/Vid_Kos-12-768x1024.jpg?strip=info&#038;w=900&#038;ssl=1 900w,https:\/\/i2.wp.com\/privid.si\/wp-content\/uploads\/2023\/05\/Vid_Kos-12-768x1024.jpg?strip=info&#038;w=1200&#038;ssl=1 1200w,https:\/\/i2.wp.com\/privid.si\/wp-content\/uploads\/2023\/05\/Vid_Kos-12-768x1024.jpg?strip=info&#038;w=1500&#038;ssl=1 1500w,https:\/\/i2.wp.com\/privid.si\/wp-content\/uploads\/2023\/05\/Vid_Kos-12-768x1024.jpg?strip=info&#038;w=1800&#038;ssl=1 1800w,https:\/\/i2.wp.com\/privid.si\/wp-content\/uploads\/2023\/05\/Vid_Kos-12-768x1024.jpg?strip=info&#038;w=1920&#038;ssl=1 1920w\" alt=\"Vidovi\u010d &amp; Kos na koncertu Ba kanala (foto: Bo\u0161tjan Imperl)\" data-height=\"2560\" data-id=\"2656\" data-link=\"https:\/\/privid.si\/?attachment_id=2656\" data-url=\"https:\/\/privid.si\/wp-content\/uploads\/2023\/05\/Vid_Kos-12-768x1024.jpg\" data-width=\"1920\" src=\"https:\/\/i2.wp.com\/privid.si\/wp-content\/uploads\/2023\/05\/Vid_Kos-12-768x1024.jpg?ssl=1\" data-amp-layout=\"responsive\"\/><\/a><\/figure><\/div><\/div><div class=\"tiled-gallery__row\"><div class=\"tiled-gallery__col\" style=\"flex-basis:62.99548%\"><figure class=\"tiled-gallery__item\"><a href=\"https:\/\/privid.si\/en\/?attachment_id=2657\"><img decoding=\"async\" data-attachment-id=\"2657\" data-permalink=\"https:\/\/privid.si\/en\/glasba\/nastop\/vidovic-kos-na-koncertu-ba-kanala\/attachment\/vid_kos-11\/\" data-orig-file=\"https:\/\/i0.wp.com\/privid.si\/wp-content\/uploads\/2023\/05\/Vid_Kos-11-scaled.jpg?fit=1920%2C2560&amp;ssl=1\" data-orig-size=\"1920,2560\" data-comments-opened=\"0\" data-image-meta=\"{&quot;aperture&quot;:&quot;3.5&quot;,&quot;credit&quot;:&quot;&quot;,&quot;camera&quot;:&quot;NIKON D750&quot;,&quot;caption&quot;:&quot;&quot;,&quot;created_timestamp&quot;:&quot;1683406126&quot;,&quot;copyright&quot;:&quot;&quot;,&quot;focal_length&quot;:&quot;66&quot;,&quot;iso&quot;:&quot;2000&quot;,&quot;shutter_speed&quot;:&quot;0.003125&quot;,&quot;title&quot;:&quot;&quot;,&quot;orientation&quot;:&quot;0&quot;}\" data-image-title=\"Vidovi\u010d &amp;#038; Kos na koncertu Ba kanala (foto: Bo\u0161tjan Imperl)\" data-image-description=\"\" data-image-caption=\"&lt;p&gt;Vidovi\u010d &amp;#038; Kos na koncertu Ba kanala (foto: Bo\u0161tjan Imperl)&lt;\/p&gt;\" data-medium-file=\"https:\/\/i0.wp.com\/privid.si\/wp-content\/uploads\/2023\/05\/Vid_Kos-11-scaled.jpg?fit=225%2C300&amp;ssl=1\" data-large-file=\"https:\/\/i0.wp.com\/privid.si\/wp-content\/uploads\/2023\/05\/Vid_Kos-11-scaled.jpg?fit=768%2C1024&amp;ssl=1\" role=\"button\" tabindex=\"0\" aria-label=\"Open image 9 of 12 in full-screen\" srcset=\"https:\/\/i0.wp.com\/privid.si\/wp-content\/uploads\/2023\/05\/Vid_Kos-11-768x1024.jpg?strip=info&#038;w=600&#038;ssl=1 600w,https:\/\/i0.wp.com\/privid.si\/wp-content\/uploads\/2023\/05\/Vid_Kos-11-768x1024.jpg?strip=info&#038;w=900&#038;ssl=1 900w,https:\/\/i0.wp.com\/privid.si\/wp-content\/uploads\/2023\/05\/Vid_Kos-11-768x1024.jpg?strip=info&#038;w=1200&#038;ssl=1 1200w,https:\/\/i0.wp.com\/privid.si\/wp-content\/uploads\/2023\/05\/Vid_Kos-11-768x1024.jpg?strip=info&#038;w=1500&#038;ssl=1 1500w,https:\/\/i0.wp.com\/privid.si\/wp-content\/uploads\/2023\/05\/Vid_Kos-11-768x1024.jpg?strip=info&#038;w=1800&#038;ssl=1 1800w,https:\/\/i0.wp.com\/privid.si\/wp-content\/uploads\/2023\/05\/Vid_Kos-11-768x1024.jpg?strip=info&#038;w=1920&#038;ssl=1 1920w\" alt=\"Vidovi\u010d &amp; Kos na koncertu Ba kanala (foto: Bo\u0161tjan Imperl)\" data-height=\"2560\" data-id=\"2657\" data-link=\"https:\/\/privid.si\/?attachment_id=2657\" data-url=\"https:\/\/privid.si\/wp-content\/uploads\/2023\/05\/Vid_Kos-11-768x1024.jpg\" data-width=\"1920\" src=\"https:\/\/i0.wp.com\/privid.si\/wp-content\/uploads\/2023\/05\/Vid_Kos-11-768x1024.jpg?ssl=1\" data-amp-layout=\"responsive\"\/><\/a><\/figure><\/div><div class=\"tiled-gallery__col\" style=\"flex-basis:37.00452%\"><figure class=\"tiled-gallery__item\"><a href=\"https:\/\/privid.si\/en\/?attachment_id=2658\"><img decoding=\"async\" data-attachment-id=\"2658\" data-permalink=\"https:\/\/privid.si\/en\/glasba\/nastop\/vidovic-kos-na-koncertu-ba-kanala\/attachment\/vid_kos-3\/\" data-orig-file=\"https:\/\/i0.wp.com\/privid.si\/wp-content\/uploads\/2023\/05\/Vid_Kos-3-scaled.jpg?fit=2560%2C1920&amp;ssl=1\" data-orig-size=\"2560,1920\" data-comments-opened=\"0\" data-image-meta=\"{&quot;aperture&quot;:&quot;3.2&quot;,&quot;credit&quot;:&quot;&quot;,&quot;camera&quot;:&quot;NIKON D750&quot;,&quot;caption&quot;:&quot;&quot;,&quot;created_timestamp&quot;:&quot;1683405200&quot;,&quot;copyright&quot;:&quot;&quot;,&quot;focal_length&quot;:&quot;70&quot;,&quot;iso&quot;:&quot;2000&quot;,&quot;shutter_speed&quot;:&quot;0.004&quot;,&quot;title&quot;:&quot;&quot;,&quot;orientation&quot;:&quot;0&quot;}\" data-image-title=\"Vidovi\u010d &amp;#038; Kos na koncertu Ba kanala (foto: Bo\u0161tjan Imperl)\" data-image-description=\"\" data-image-caption=\"&lt;p&gt;Vidovi\u010d &amp;#038; Kos na koncertu Ba kanala (foto: Bo\u0161tjan Imperl)&lt;\/p&gt;\" data-medium-file=\"https:\/\/i0.wp.com\/privid.si\/wp-content\/uploads\/2023\/05\/Vid_Kos-3-scaled.jpg?fit=300%2C225&amp;ssl=1\" data-large-file=\"https:\/\/i0.wp.com\/privid.si\/wp-content\/uploads\/2023\/05\/Vid_Kos-3-scaled.jpg?fit=1024%2C768&amp;ssl=1\" role=\"button\" tabindex=\"0\" aria-label=\"Open image 10 of 12 in full-screen\" srcset=\"https:\/\/i1.wp.com\/privid.si\/wp-content\/uploads\/2023\/05\/Vid_Kos-3-1024x768.jpg?strip=info&#038;w=600&#038;ssl=1 600w,https:\/\/i1.wp.com\/privid.si\/wp-content\/uploads\/2023\/05\/Vid_Kos-3-1024x768.jpg?strip=info&#038;w=900&#038;ssl=1 900w,https:\/\/i1.wp.com\/privid.si\/wp-content\/uploads\/2023\/05\/Vid_Kos-3-1024x768.jpg?strip=info&#038;w=1200&#038;ssl=1 1200w,https:\/\/i1.wp.com\/privid.si\/wp-content\/uploads\/2023\/05\/Vid_Kos-3-1024x768.jpg?strip=info&#038;w=1500&#038;ssl=1 1500w,https:\/\/i1.wp.com\/privid.si\/wp-content\/uploads\/2023\/05\/Vid_Kos-3-1024x768.jpg?strip=info&#038;w=1800&#038;ssl=1 1800w,https:\/\/i1.wp.com\/privid.si\/wp-content\/uploads\/2023\/05\/Vid_Kos-3-1024x768.jpg?strip=info&#038;w=2000&#038;ssl=1 2000w\" alt=\"Vidovi\u010d &amp; Kos na koncertu Ba kanala (foto: Bo\u0161tjan Imperl)\" data-height=\"1920\" data-id=\"2658\" data-link=\"https:\/\/privid.si\/?attachment_id=2658\" data-url=\"https:\/\/privid.si\/wp-content\/uploads\/2023\/05\/Vid_Kos-3-1024x768.jpg\" data-width=\"2560\" src=\"https:\/\/i1.wp.com\/privid.si\/wp-content\/uploads\/2023\/05\/Vid_Kos-3-1024x768.jpg?ssl=1\" data-amp-layout=\"responsive\"\/><\/a><\/figure><figure class=\"tiled-gallery__item\"><a href=\"https:\/\/privid.si\/en\/?attachment_id=2662\"><img decoding=\"async\" data-attachment-id=\"2662\" data-permalink=\"https:\/\/privid.si\/en\/glasba\/nastop\/vidovic-kos-na-koncertu-ba-kanala\/attachment\/vid_kos-9\/\" data-orig-file=\"https:\/\/i0.wp.com\/privid.si\/wp-content\/uploads\/2023\/05\/Vid_Kos-9-scaled.jpg?fit=2560%2C1920&amp;ssl=1\" data-orig-size=\"2560,1920\" data-comments-opened=\"0\" data-image-meta=\"{&quot;aperture&quot;:&quot;3.5&quot;,&quot;credit&quot;:&quot;&quot;,&quot;camera&quot;:&quot;NIKON D750&quot;,&quot;caption&quot;:&quot;&quot;,&quot;created_timestamp&quot;:&quot;1683406027&quot;,&quot;copyright&quot;:&quot;&quot;,&quot;focal_length&quot;:&quot;50&quot;,&quot;iso&quot;:&quot;2000&quot;,&quot;shutter_speed&quot;:&quot;0.004&quot;,&quot;title&quot;:&quot;&quot;,&quot;orientation&quot;:&quot;0&quot;}\" data-image-title=\"Vidovi\u010d &amp;#038; Kos na koncertu Ba kanala (foto: Bo\u0161tjan Imperl)\" data-image-description=\"\" data-image-caption=\"&lt;p&gt;Vidovi\u010d &amp;#038; Kos na koncertu Ba kanala (foto: Bo\u0161tjan Imperl)&lt;\/p&gt;\" data-medium-file=\"https:\/\/i0.wp.com\/privid.si\/wp-content\/uploads\/2023\/05\/Vid_Kos-9-scaled.jpg?fit=300%2C225&amp;ssl=1\" data-large-file=\"https:\/\/i0.wp.com\/privid.si\/wp-content\/uploads\/2023\/05\/Vid_Kos-9-scaled.jpg?fit=1024%2C768&amp;ssl=1\" role=\"button\" tabindex=\"0\" aria-label=\"Open image 11 of 12 in full-screen\" srcset=\"https:\/\/i1.wp.com\/privid.si\/wp-content\/uploads\/2023\/05\/Vid_Kos-9-1024x768.jpg?strip=info&#038;w=600&#038;ssl=1 600w,https:\/\/i1.wp.com\/privid.si\/wp-content\/uploads\/2023\/05\/Vid_Kos-9-1024x768.jpg?strip=info&#038;w=900&#038;ssl=1 900w,https:\/\/i1.wp.com\/privid.si\/wp-content\/uploads\/2023\/05\/Vid_Kos-9-1024x768.jpg?strip=info&#038;w=1200&#038;ssl=1 1200w,https:\/\/i1.wp.com\/privid.si\/wp-content\/uploads\/2023\/05\/Vid_Kos-9-1024x768.jpg?strip=info&#038;w=1500&#038;ssl=1 1500w,https:\/\/i1.wp.com\/privid.si\/wp-content\/uploads\/2023\/05\/Vid_Kos-9-1024x768.jpg?strip=info&#038;w=1800&#038;ssl=1 1800w,https:\/\/i1.wp.com\/privid.si\/wp-content\/uploads\/2023\/05\/Vid_Kos-9-1024x768.jpg?strip=info&#038;w=2000&#038;ssl=1 2000w\" alt=\"Vidovi\u010d &amp; Kos na koncertu Ba kanala (foto: Bo\u0161tjan Imperl)\" data-height=\"1920\" data-id=\"2662\" data-link=\"https:\/\/privid.si\/?attachment_id=2662\" data-url=\"https:\/\/privid.si\/wp-content\/uploads\/2023\/05\/Vid_Kos-9-1024x768.jpg\" data-width=\"2560\" src=\"https:\/\/i1.wp.com\/privid.si\/wp-content\/uploads\/2023\/05\/Vid_Kos-9-1024x768.jpg?ssl=1\" data-amp-layout=\"responsive\"\/><\/a><\/figure><figure class=\"tiled-gallery__item\"><a href=\"https:\/\/privid.si\/en\/?attachment_id=2663\"><img decoding=\"async\" data-attachment-id=\"2663\" data-permalink=\"https:\/\/privid.si\/en\/glasba\/nastop\/vidovic-kos-na-koncertu-ba-kanala\/attachment\/vid_kos-6\/\" data-orig-file=\"https:\/\/i0.wp.com\/privid.si\/wp-content\/uploads\/2023\/05\/Vid_Kos-6-scaled.jpg?fit=2560%2C1920&amp;ssl=1\" data-orig-size=\"2560,1920\" data-comments-opened=\"0\" data-image-meta=\"{&quot;aperture&quot;:&quot;4&quot;,&quot;credit&quot;:&quot;&quot;,&quot;camera&quot;:&quot;NIKON D750&quot;,&quot;caption&quot;:&quot;&quot;,&quot;created_timestamp&quot;:&quot;1683405454&quot;,&quot;copyright&quot;:&quot;&quot;,&quot;focal_length&quot;:&quot;26&quot;,&quot;iso&quot;:&quot;2000&quot;,&quot;shutter_speed&quot;:&quot;0.004&quot;,&quot;title&quot;:&quot;&quot;,&quot;orientation&quot;:&quot;0&quot;}\" data-image-title=\"Vidovi\u010d &amp;#038; Kos na koncertu Ba kanala (foto: Bo\u0161tjan Imperl)\" data-image-description=\"\" data-image-caption=\"&lt;p&gt;Vidovi\u010d &amp;#038; Kos na koncertu Ba kanala (foto: Bo\u0161tjan Imperl)&lt;\/p&gt;\" data-medium-file=\"https:\/\/i0.wp.com\/privid.si\/wp-content\/uploads\/2023\/05\/Vid_Kos-6-scaled.jpg?fit=300%2C225&amp;ssl=1\" data-large-file=\"https:\/\/i0.wp.com\/privid.si\/wp-content\/uploads\/2023\/05\/Vid_Kos-6-scaled.jpg?fit=1024%2C768&amp;ssl=1\" role=\"button\" tabindex=\"0\" aria-label=\"Open image 12 of 12 in full-screen\" srcset=\"https:\/\/i0.wp.com\/privid.si\/wp-content\/uploads\/2023\/05\/Vid_Kos-6-1024x768.jpg?strip=info&#038;w=600&#038;ssl=1 600w,https:\/\/i0.wp.com\/privid.si\/wp-content\/uploads\/2023\/05\/Vid_Kos-6-1024x768.jpg?strip=info&#038;w=900&#038;ssl=1 900w,https:\/\/i0.wp.com\/privid.si\/wp-content\/uploads\/2023\/05\/Vid_Kos-6-1024x768.jpg?strip=info&#038;w=1200&#038;ssl=1 1200w,https:\/\/i0.wp.com\/privid.si\/wp-content\/uploads\/2023\/05\/Vid_Kos-6-1024x768.jpg?strip=info&#038;w=1500&#038;ssl=1 1500w,https:\/\/i0.wp.com\/privid.si\/wp-content\/uploads\/2023\/05\/Vid_Kos-6-1024x768.jpg?strip=info&#038;w=1800&#038;ssl=1 1800w,https:\/\/i0.wp.com\/privid.si\/wp-content\/uploads\/2023\/05\/Vid_Kos-6-1024x768.jpg?strip=info&#038;w=2000&#038;ssl=1 2000w\" alt=\"Vidovi\u010d &amp; Kos na koncertu Ba kanala (foto: Bo\u0161tjan Imperl)\" data-height=\"1920\" data-id=\"2663\" data-link=\"https:\/\/privid.si\/?attachment_id=2663\" data-url=\"https:\/\/privid.si\/wp-content\/uploads\/2023\/05\/Vid_Kos-6-1024x768.jpg\" data-width=\"2560\" src=\"https:\/\/i0.wp.com\/privid.si\/wp-content\/uploads\/2023\/05\/Vid_Kos-6-1024x768.jpg?ssl=1\" data-amp-layout=\"responsive\"\/><\/a><\/figure><\/div><\/div><\/div><\/div>","protected":false},"excerpt":{"rendered":"<p>6. maja sva z Andrejem nastopila na koncertu celjskega Ba kanala, ki \u017ee vrsto let mladim glasbenikom omogo\u010da, da pri njih nastopijo in posnamejo avdiovideo posnetke svojih koncertov, te pa zbirajo v svoji spletni knji\u017enici sve\u017ee slovenske glasbe. Spodaj nekaj fotografij s koncerta. Fotograf: Bo\u0161tjan Imperl<\/p>","protected":false},"author":1,"featured_media":2663,"comment_status":"closed","ping_status":"closed","sticky":false,"template":"","format":"standard","meta":{"inline_featured_image":false,"advanced_seo_description":"","jetpack_seo_html_title":"","jetpack_seo_noindex":false,"_vp_format_video_url":"","_vp_image_focal_point":[],"_jetpack_memberships_contains_paid_content":false,"footnotes":"","jetpack_publicize_message":"","jetpack_publicize_feature_enabled":true,"jetpack_social_post_already_shared":true,"jetpack_social_options":{"image_generator_settings":{"template":"highway","default_image_id":0,"font":"","enabled":false},"version":2}},"categories":[4],"tags":[],"class_list":["post-2647","post","type-post","status-publish","format-standard","has-post-thumbnail","hentry","category-nastop"],"jetpack_publicize_connections":[],"jetpack_featured_media_url":"https:\/\/i0.wp.com\/privid.si\/wp-content\/uploads\/2023\/05\/Vid_Kos-6-scaled.jpg?fit=2560%2C1920&ssl=1","jetpack_shortlink":"https:\/\/wp.me\/pdh6Hw-GH","jetpack_sharing_enabled":true,"_links":{"self":[{"href":"https:\/\/privid.si\/en\/wp-json\/wp\/v2\/posts\/2647","targetHints":{"allow":["GET"]}}],"collection":[{"href":"https:\/\/privid.si\/en\/wp-json\/wp\/v2\/posts"}],"about":[{"href":"https:\/\/privid.si\/en\/wp-json\/wp\/v2\/types\/post"}],"author":[{"embeddable":true,"href":"https:\/\/privid.si\/en\/wp-json\/wp\/v2\/users\/1"}],"replies":[{"embeddable":true,"href":"https:\/\/privid.si\/en\/wp-json\/wp\/v2\/comments?post=2647"}],"version-history":[{"count":1,"href":"https:\/\/privid.si\/en\/wp-json\/wp\/v2\/posts\/2647\/revisions"}],"predecessor-version":[{"id":2664,"href":"https:\/\/privid.si\/en\/wp-json\/wp\/v2\/posts\/2647\/revisions\/2664"}],"wp:featuredmedia":[{"embeddable":true,"href":"https:\/\/privid.si\/en\/wp-json\/wp\/v2\/media\/2663"}],"wp:attachment":[{"href":"https:\/\/privid.si\/en\/wp-json\/wp\/v2\/media?parent=2647"}],"wp:term":[{"taxonomy":"category","embeddable":true,"href":"https:\/\/privid.si\/en\/wp-json\/wp\/v2\/categories?post=2647"},{"taxonomy":"post_tag","embeddable":true,"href":"https:\/\/privid.si\/en\/wp-json\/wp\/v2\/tags?post=2647"}],"curies":[{"name":"wp","href":"https:\/\/api.w.org\/{rel}","templated":true}]}}