{"id":2510,"date":"2023-05-15T08:40:18","date_gmt":"2023-05-15T08:40:18","guid":{"rendered":"https:\/\/privid.si\/?p=2510"},"modified":"2024-07-18T12:48:18","modified_gmt":"2024-07-18T12:48:18","slug":"finalist-festivala-slovenskega-sansona-2023","status":"publish","type":"post","link":"https:\/\/privid.si\/en\/glasba\/tekmovanje\/finalist-festivala-slovenskega-sansona-2023\/","title":{"rendered":"Finalist Festivala slovenskega \u0161ansona 2023"},"content":{"rendered":"<p>Prebili smo se v finale Festivala slovenskega \u0161ansona 2023! Kljub dolgemu, de\u017eevnemu dnevu so de\u010dki na odru razturali in mi ve\u010d kot pomagali naslikati moj &#8220;Triptih sestre Felicite&#8221; v <a href=\"https:\/\/www.facebook.com\/samo.ivacic?__cft__[0]=AZV_x8Z8uqCPx-lzZoe4deTFA_zhbokeJnai--x_FQQg7BkOdsOMvEDwujabzzR5qsYG3-KkPxBOydCpN_EtiwbcsGZAAUZOdSuBjGG7GfwefWxUl8jKDszmdNbiBQZLkCPDAwwQOEn4hNlDeennuGns_M7hA5_PtE4newN7p1iwwuZ9pLWGTuR2jX5P7eohoDs&amp;__tn__=-]K-R\">Samo<\/a>vi priredbi.<\/p>\n\n\n\n<p>\u010ceprav so umetni\u0161ka tekmovanja vedno malce nehvale\u017ena, smo se v dobrem duhu radi pomerili s krasnimi in raznovrstnimi \u0161ansonjerji, od <a href=\"https:\/\/www.facebook.com\/violoncelliitineranti?__cft__[0]=AZV_x8Z8uqCPx-lzZoe4deTFA_zhbokeJnai--x_FQQg7BkOdsOMvEDwujabzzR5qsYG3-KkPxBOydCpN_EtiwbcsGZAAUZOdSuBjGG7GfwefWxUl8jKDszmdNbiBQZLkCPDAwwQOEn4hNlDeennuGns_M7hA5_PtE4newN7p1iwwuZ9pLWGTuR2jX5P7eohoDs&amp;__tn__=-]K-R\">Violoncelli Itineranti<\/a>, <a href=\"https:\/\/www.facebook.com\/jure.ivanusic?__cft__[0]=AZV_x8Z8uqCPx-lzZoe4deTFA_zhbokeJnai--x_FQQg7BkOdsOMvEDwujabzzR5qsYG3-KkPxBOydCpN_EtiwbcsGZAAUZOdSuBjGG7GfwefWxUl8jKDszmdNbiBQZLkCPDAwwQOEn4hNlDeennuGns_M7hA5_PtE4newN7p1iwwuZ9pLWGTuR2jX5P7eohoDs&amp;__tn__=-]K-R\">Jure Ivanusic<\/a>, Andreja Tom\u0161i\u010da do Veronike Nikolovske, s katerimi se bomo \u0161e sre\u010dali v Roga\u0161ki Slatini, pa tudi vsemi drugimi, ki jih bomo gotovo sre\u010dali drugod: <a href=\"https:\/\/www.facebook.com\/profile.php?id=100064278482188&amp;__cft__[0]=AZV_x8Z8uqCPx-lzZoe4deTFA_zhbokeJnai--x_FQQg7BkOdsOMvEDwujabzzR5qsYG3-KkPxBOydCpN_EtiwbcsGZAAUZOdSuBjGG7GfwefWxUl8jKDszmdNbiBQZLkCPDAwwQOEn4hNlDeennuGns_M7hA5_PtE4newN7p1iwwuZ9pLWGTuR2jX5P7eohoDs&amp;__tn__=-]K-R\">Pra\u0161nati<\/a>, Ana Mezgec, <a href=\"https:\/\/www.facebook.com\/anja.hrastovsek?__cft__[0]=AZV_x8Z8uqCPx-lzZoe4deTFA_zhbokeJnai--x_FQQg7BkOdsOMvEDwujabzzR5qsYG3-KkPxBOydCpN_EtiwbcsGZAAUZOdSuBjGG7GfwefWxUl8jKDszmdNbiBQZLkCPDAwwQOEn4hNlDeennuGns_M7hA5_PtE4newN7p1iwwuZ9pLWGTuR2jX5P7eohoDs&amp;__tn__=-]K-R\">Anja Hrastov\u0161ek<\/a>, Anja Strajnar, Mihael Lajnar. Lepo se je bilo podru\u017eiti s kopico glasbenikov, ki si v teh \u010dasih za glasbeno ustvarjanje vzamejo \u010das in premislek.<\/p>\n\n\n\n<p>Hvala radiu <a href=\"https:\/\/www.facebook.com\/radioprvi?__cft__[0]=AZV_x8Z8uqCPx-lzZoe4deTFA_zhbokeJnai--x_FQQg7BkOdsOMvEDwujabzzR5qsYG3-KkPxBOydCpN_EtiwbcsGZAAUZOdSuBjGG7GfwefWxUl8jKDszmdNbiBQZLkCPDAwwQOEn4hNlDeennuGns_M7hA5_PtE4newN7p1iwwuZ9pLWGTuR2jX5P7eohoDs&amp;__tn__=-]K-R\">Prvi<\/a>, posebej urednikom <a href=\"https:\/\/www.facebook.com\/theia127?__cft__[0]=AZV_x8Z8uqCPx-lzZoe4deTFA_zhbokeJnai--x_FQQg7BkOdsOMvEDwujabzzR5qsYG3-KkPxBOydCpN_EtiwbcsGZAAUZOdSuBjGG7GfwefWxUl8jKDszmdNbiBQZLkCPDAwwQOEn4hNlDeennuGns_M7hA5_PtE4newN7p1iwwuZ9pLWGTuR2jX5P7eohoDs&amp;__tn__=-]K-R\">Teja Klob\u010dar<\/a>, <a href=\"https:\/\/www.facebook.com\/forenzik?__cft__[0]=AZV_x8Z8uqCPx-lzZoe4deTFA_zhbokeJnai--x_FQQg7BkOdsOMvEDwujabzzR5qsYG3-KkPxBOydCpN_EtiwbcsGZAAUZOdSuBjGG7GfwefWxUl8jKDszmdNbiBQZLkCPDAwwQOEn4hNlDeennuGns_M7hA5_PtE4newN7p1iwwuZ9pLWGTuR2jX5P7eohoDs&amp;__tn__=-]K-R\">Andrej Prezelj<\/a> in <a href=\"https:\/\/www.facebook.com\/simona.molicnik?__cft__[0]=AZV_x8Z8uqCPx-lzZoe4deTFA_zhbokeJnai--x_FQQg7BkOdsOMvEDwujabzzR5qsYG3-KkPxBOydCpN_EtiwbcsGZAAUZOdSuBjGG7GfwefWxUl8jKDszmdNbiBQZLkCPDAwwQOEn4hNlDeennuGns_M7hA5_PtE4newN7p1iwwuZ9pLWGTuR2jX5P7eohoDs&amp;__tn__=-]K-R\">Simona Moli\u010dnik<\/a>, da so prevzeli to zahtevno, nedobi\u010dkonosno \u0161tafeto; \u017eiriji, <a href=\"https:\/\/www.facebook.com\/gregor.stermecki?__cft__[0]=AZV_x8Z8uqCPx-lzZoe4deTFA_zhbokeJnai--x_FQQg7BkOdsOMvEDwujabzzR5qsYG3-KkPxBOydCpN_EtiwbcsGZAAUZOdSuBjGG7GfwefWxUl8jKDszmdNbiBQZLkCPDAwwQOEn4hNlDeennuGns_M7hA5_PtE4newN7p1iwwuZ9pLWGTuR2jX5P7eohoDs&amp;__tn__=-]K-R\">Gregor Stermecki<\/a>, <a href=\"https:\/\/www.facebook.com\/Barbara.Sinigoj4?__cft__[0]=AZV_x8Z8uqCPx-lzZoe4deTFA_zhbokeJnai--x_FQQg7BkOdsOMvEDwujabzzR5qsYG3-KkPxBOydCpN_EtiwbcsGZAAUZOdSuBjGG7GfwefWxUl8jKDszmdNbiBQZLkCPDAwwQOEn4hNlDeennuGns_M7hA5_PtE4newN7p1iwwuZ9pLWGTuR2jX5P7eohoDs&amp;__tn__=-]K-R\">Barbara \u0160inigoj<\/a>, <a href=\"https:\/\/www.facebook.com\/jadranka.juras?__cft__[0]=AZV_x8Z8uqCPx-lzZoe4deTFA_zhbokeJnai--x_FQQg7BkOdsOMvEDwujabzzR5qsYG3-KkPxBOydCpN_EtiwbcsGZAAUZOdSuBjGG7GfwefWxUl8jKDszmdNbiBQZLkCPDAwwQOEn4hNlDeennuGns_M7hA5_PtE4newN7p1iwwuZ9pLWGTuR2jX5P7eohoDs&amp;__tn__=-]K-R\">Jadranka Juras<\/a>, Vladu \u017dabotu in Mihu Zoru, da so nam namenili pozornost; in ob\u010dinstvu, da nam je pri\u0161lo prisluhnit.<\/p>\n\n\n\n<p>Seveda pa ne bi bilo kaj prida sli\u0161ati brez Matja\u017ea Bala\u017eica na bandoneonu, Luka Hermana Gaiserja na kontrabasu, Timija Krajnca na kitari in Sama Iva\u010di\u010da kot aran\u017eerja in pedagoga, ki vztrajajo z menoj na tej poti.<\/p>\n\n\n\n<p>Zamudniki nas lahko vidite in sli\u0161ite tukajle:<\/p>\n\n\n\n<p><a href=\"https:\/\/prvi.rtvslo.si\/podkast\/koncerti\/173251519\/174957665\">https:\/\/prvi.rtvslo.si\/podkast\/koncerti\/173251519\/174957665<\/a><\/p>\n\n\n\n<p>Sicer pa se vidimo jeseni! Pa morda \u017ee prej.<\/p>\n\n\n\n<div class=\"wp-block-jetpack-tiled-gallery aligncenter is-style-rectangular\"><div class=\"tiled-gallery__gallery\"><div class=\"tiled-gallery__row\"><div class=\"tiled-gallery__col\" style=\"flex-basis:42.91323%\"><figure class=\"tiled-gallery__item\"><img decoding=\"async\" data-attachment-id=\"2513\" data-permalink=\"https:\/\/privid.si\/en\/glasba\/tekmovanje\/finalist-festivala-slovenskega-sansona-2023\/attachment\/347102928_1018962665756895_2871709387294433158_n\/\" data-orig-file=\"https:\/\/i0.wp.com\/privid.si\/wp-content\/uploads\/2023\/05\/347102928_1018962665756895_2871709387294433158_n.jpg?fit=2048%2C1536&amp;ssl=1\" data-orig-size=\"2048,1536\" data-comments-opened=\"0\" data-image-meta=\"{&quot;aperture&quot;:&quot;0&quot;,&quot;credit&quot;:&quot;&quot;,&quot;camera&quot;:&quot;&quot;,&quot;caption&quot;:&quot;&quot;,&quot;created_timestamp&quot;:&quot;0&quot;,&quot;copyright&quot;:&quot;&quot;,&quot;focal_length&quot;:&quot;0&quot;,&quot;iso&quot;:&quot;0&quot;,&quot;shutter_speed&quot;:&quot;0&quot;,&quot;title&quot;:&quot;&quot;,&quot;orientation&quot;:&quot;0&quot;}\" data-image-title=\"347102928_1018962665756895_2871709387294433158_n\" data-image-description=\"\" data-image-caption=\"\" data-medium-file=\"https:\/\/i0.wp.com\/privid.si\/wp-content\/uploads\/2023\/05\/347102928_1018962665756895_2871709387294433158_n.jpg?fit=300%2C225&amp;ssl=1\" data-large-file=\"https:\/\/i0.wp.com\/privid.si\/wp-content\/uploads\/2023\/05\/347102928_1018962665756895_2871709387294433158_n.jpg?fit=1024%2C768&amp;ssl=1\" role=\"button\" tabindex=\"0\" aria-label=\"Open image 1 of 2 in full-screen\" srcset=\"https:\/\/i1.wp.com\/privid.si\/wp-content\/uploads\/2023\/05\/347102928_1018962665756895_2871709387294433158_n-1024x768.jpg?strip=info&#038;w=600&#038;ssl=1 600w,https:\/\/i1.wp.com\/privid.si\/wp-content\/uploads\/2023\/05\/347102928_1018962665756895_2871709387294433158_n-1024x768.jpg?strip=info&#038;w=900&#038;ssl=1 900w,https:\/\/i1.wp.com\/privid.si\/wp-content\/uploads\/2023\/05\/347102928_1018962665756895_2871709387294433158_n-1024x768.jpg?strip=info&#038;w=1200&#038;ssl=1 1200w,https:\/\/i1.wp.com\/privid.si\/wp-content\/uploads\/2023\/05\/347102928_1018962665756895_2871709387294433158_n-1024x768.jpg?strip=info&#038;w=1500&#038;ssl=1 1500w,https:\/\/i1.wp.com\/privid.si\/wp-content\/uploads\/2023\/05\/347102928_1018962665756895_2871709387294433158_n-1024x768.jpg?strip=info&#038;w=1800&#038;ssl=1 1800w,https:\/\/i1.wp.com\/privid.si\/wp-content\/uploads\/2023\/05\/347102928_1018962665756895_2871709387294433158_n-1024x768.jpg?strip=info&#038;w=2000&#038;ssl=1 2000w\" alt=\"\" data-height=\"1536\" data-id=\"2513\" data-link=\"https:\/\/privid.si\/?attachment_id=2513\" data-url=\"https:\/\/privid.si\/wp-content\/uploads\/2023\/05\/347102928_1018962665756895_2871709387294433158_n-1024x768.jpg\" data-width=\"2048\" src=\"https:\/\/i1.wp.com\/privid.si\/wp-content\/uploads\/2023\/05\/347102928_1018962665756895_2871709387294433158_n-1024x768.jpg?ssl=1\" data-amp-layout=\"responsive\"\/><\/figure><\/div><div class=\"tiled-gallery__col\" style=\"flex-basis:57.08677%\"><figure class=\"tiled-gallery__item\"><img decoding=\"async\" data-attachment-id=\"2516\" data-permalink=\"https:\/\/privid.si\/en\/glasba\/tekmovanje\/finalist-festivala-slovenskega-sansona-2023\/attachment\/346821032_1178947992786041_942099748756390482_n-1\/\" data-orig-file=\"https:\/\/i0.wp.com\/privid.si\/wp-content\/uploads\/2023\/05\/346821032_1178947992786041_942099748756390482_n-1.jpg?fit=1290%2C726&amp;ssl=1\" data-orig-size=\"1290,726\" data-comments-opened=\"0\" data-image-meta=\"{&quot;aperture&quot;:&quot;0&quot;,&quot;credit&quot;:&quot;&quot;,&quot;camera&quot;:&quot;&quot;,&quot;caption&quot;:&quot;&quot;,&quot;created_timestamp&quot;:&quot;0&quot;,&quot;copyright&quot;:&quot;&quot;,&quot;focal_length&quot;:&quot;0&quot;,&quot;iso&quot;:&quot;0&quot;,&quot;shutter_speed&quot;:&quot;0&quot;,&quot;title&quot;:&quot;&quot;,&quot;orientation&quot;:&quot;0&quot;}\" data-image-title=\"346821032_1178947992786041_942099748756390482_n-1\" data-image-description=\"\" data-image-caption=\"\" data-medium-file=\"https:\/\/i0.wp.com\/privid.si\/wp-content\/uploads\/2023\/05\/346821032_1178947992786041_942099748756390482_n-1.jpg?fit=300%2C169&amp;ssl=1\" data-large-file=\"https:\/\/i0.wp.com\/privid.si\/wp-content\/uploads\/2023\/05\/346821032_1178947992786041_942099748756390482_n-1.jpg?fit=1024%2C576&amp;ssl=1\" role=\"button\" tabindex=\"0\" aria-label=\"Open image 2 of 2 in full-screen\" srcset=\"https:\/\/i2.wp.com\/privid.si\/wp-content\/uploads\/2023\/05\/346821032_1178947992786041_942099748756390482_n-1-1024x576.jpg?strip=info&#038;w=600&#038;ssl=1 600w,https:\/\/i2.wp.com\/privid.si\/wp-content\/uploads\/2023\/05\/346821032_1178947992786041_942099748756390482_n-1-1024x576.jpg?strip=info&#038;w=900&#038;ssl=1 900w,https:\/\/i2.wp.com\/privid.si\/wp-content\/uploads\/2023\/05\/346821032_1178947992786041_942099748756390482_n-1-1024x576.jpg?strip=info&#038;w=1200&#038;ssl=1 1200w,https:\/\/i2.wp.com\/privid.si\/wp-content\/uploads\/2023\/05\/346821032_1178947992786041_942099748756390482_n-1-1024x576.jpg?strip=info&#038;w=1290&#038;ssl=1 1290w\" alt=\"\" data-height=\"726\" data-id=\"2516\" data-link=\"https:\/\/privid.si\/glasba\/2023\/05\/15\/finalist-festivala-slovenskega-sansona-2023\/attachment\/346821032_1178947992786041_942099748756390482_n-1\/\" data-url=\"https:\/\/privid.si\/wp-content\/uploads\/2023\/05\/346821032_1178947992786041_942099748756390482_n-1-1024x576.jpg\" data-width=\"1290\" src=\"https:\/\/i2.wp.com\/privid.si\/wp-content\/uploads\/2023\/05\/346821032_1178947992786041_942099748756390482_n-1-1024x576.jpg?ssl=1\" data-amp-layout=\"responsive\"\/><\/figure><\/div><\/div><\/div><\/div>","protected":false},"excerpt":{"rendered":"<p>Prebili smo se v finale Festivala slovenskega \u0161ansona 2023! Kljub dolgemu, de\u017eevnemu dnevu so de\u010dki na odru razturali in mi ve\u010d kot pomagali naslikati moj &#8220;Triptih sestre Felicite&#8221; v Samovi priredbi. \u010ceprav so umetni\u0161ka tekmovanja vedno malce nehvale\u017ena, smo se v dobrem duhu radi pomerili s krasnimi in raznovrstnimi \u0161ansonjerji, od Violoncelli Itineranti, Jure Ivanusic, [&hellip;]<\/p>","protected":false},"author":1,"featured_media":2511,"comment_status":"closed","ping_status":"closed","sticky":false,"template":"","format":"standard","meta":{"inline_featured_image":false,"advanced_seo_description":"","jetpack_seo_html_title":"","jetpack_seo_noindex":false,"_vp_format_video_url":"","_vp_image_focal_point":[],"_jetpack_memberships_contains_paid_content":false,"footnotes":"","jetpack_publicize_message":"","jetpack_publicize_feature_enabled":true,"jetpack_social_post_already_shared":false,"jetpack_social_options":{"image_generator_settings":{"template":"highway","default_image_id":0,"font":"","enabled":false},"version":2}},"categories":[12],"tags":[],"class_list":["post-2510","post","type-post","status-publish","format-standard","has-post-thumbnail","hentry","category-tekmovanje"],"jetpack_publicize_connections":[],"jetpack_featured_media_url":"https:\/\/i0.wp.com\/privid.si\/wp-content\/uploads\/2023\/05\/347092067_1681171085648643_931531836349862245_n.jpg?fit=760%2C427&ssl=1","jetpack_shortlink":"https:\/\/wp.me\/pdh6Hw-Eu","jetpack_sharing_enabled":true,"_links":{"self":[{"href":"https:\/\/privid.si\/en\/wp-json\/wp\/v2\/posts\/2510","targetHints":{"allow":["GET"]}}],"collection":[{"href":"https:\/\/privid.si\/en\/wp-json\/wp\/v2\/posts"}],"about":[{"href":"https:\/\/privid.si\/en\/wp-json\/wp\/v2\/types\/post"}],"author":[{"embeddable":true,"href":"https:\/\/privid.si\/en\/wp-json\/wp\/v2\/users\/1"}],"replies":[{"embeddable":true,"href":"https:\/\/privid.si\/en\/wp-json\/wp\/v2\/comments?post=2510"}],"version-history":[{"count":2,"href":"https:\/\/privid.si\/en\/wp-json\/wp\/v2\/posts\/2510\/revisions"}],"predecessor-version":[{"id":2517,"href":"https:\/\/privid.si\/en\/wp-json\/wp\/v2\/posts\/2510\/revisions\/2517"}],"wp:featuredmedia":[{"embeddable":true,"href":"https:\/\/privid.si\/en\/wp-json\/wp\/v2\/media\/2511"}],"wp:attachment":[{"href":"https:\/\/privid.si\/en\/wp-json\/wp\/v2\/media?parent=2510"}],"wp:term":[{"taxonomy":"category","embeddable":true,"href":"https:\/\/privid.si\/en\/wp-json\/wp\/v2\/categories?post=2510"},{"taxonomy":"post_tag","embeddable":true,"href":"https:\/\/privid.si\/en\/wp-json\/wp\/v2\/tags?post=2510"}],"curies":[{"name":"wp","href":"https:\/\/api.w.org\/{rel}","templated":true}]}}