{"id":1837,"date":"2022-12-29T22:26:29","date_gmt":"2022-12-29T22:26:29","guid":{"rendered":"https:\/\/privid.si\/?p=1837"},"modified":"2022-12-30T22:29:44","modified_gmt":"2022-12-30T22:29:44","slug":"kolesarska-in-izjava-v-oddaji-pesem-v-zepu-radio-prvi","status":"publish","type":"post","link":"https:\/\/privid.si\/en\/glasba\/kolesarska-in-izjava-v-oddaji-pesem-v-zepu-radio-prvi\/","title":{"rendered":"&#8220;Kolesarska&#8221; in izjava v oddaji Pesem v \u017eepu (Radio Prvi)"},"content":{"rendered":"<p>V oddaji Pesem v \u017eepu na Radio Prvi je bila predvajana skladba <em>Kolesarska <\/em>in predvajana izjava v zvezi z dru\u017ebenokriti\u010dnim kantavtorstvom.<\/p>\n\n\n\n<p><a href=\"https:\/\/4d.rtvslo.si\/arhiv\/pesem-v-zepu\/174923599\">https:\/\/4d.rtvslo.si\/arhiv\/pesem-v-zepu\/174923599<\/a><\/p>","protected":false},"excerpt":{"rendered":"<p>V oddaji Pesem v \u017eepu na Radio Prvi je bila predvajana skladba Kolesarska in predvajana izjava v zvezi z dru\u017ebenokriti\u010dnim kantavtorstvom. https:\/\/4d.rtvslo.si\/arhiv\/pesem-v-zepu\/174923599<\/p>","protected":false},"author":1,"featured_media":1199,"comment_status":"closed","ping_status":"closed","sticky":false,"template":"","format":"standard","meta":{"inline_featured_image":false,"advanced_seo_description":"","jetpack_seo_html_title":"","jetpack_seo_noindex":false,"_vp_format_video_url":"","_vp_image_focal_point":[],"_jetpack_memberships_contains_paid_content":false,"footnotes":"","jetpack_publicize_message":"","jetpack_publicize_feature_enabled":true,"jetpack_social_post_already_shared":false,"jetpack_social_options":{"image_generator_settings":{"template":"highway","default_image_id":0,"font":"","enabled":false},"version":2}},"categories":[3,17,27],"tags":[],"class_list":["post-1837","post","type-post","status-publish","format-standard","has-post-thumbnail","hentry","category-glasba","category-v-medijih","category-primoz-vidovic-andrej-kos"],"jetpack_publicize_connections":[],"jetpack_featured_media_url":"https:\/\/i0.wp.com\/privid.si\/wp-content\/uploads\/2022\/08\/Screenshot-2022-08-19-at-10.08.55.png?fit=778%2C788&ssl=1","jetpack_shortlink":"https:\/\/wp.me\/pdh6Hw-tD","jetpack_sharing_enabled":true,"_links":{"self":[{"href":"https:\/\/privid.si\/en\/wp-json\/wp\/v2\/posts\/1837","targetHints":{"allow":["GET"]}}],"collection":[{"href":"https:\/\/privid.si\/en\/wp-json\/wp\/v2\/posts"}],"about":[{"href":"https:\/\/privid.si\/en\/wp-json\/wp\/v2\/types\/post"}],"author":[{"embeddable":true,"href":"https:\/\/privid.si\/en\/wp-json\/wp\/v2\/users\/1"}],"replies":[{"embeddable":true,"href":"https:\/\/privid.si\/en\/wp-json\/wp\/v2\/comments?post=1837"}],"version-history":[{"count":1,"href":"https:\/\/privid.si\/en\/wp-json\/wp\/v2\/posts\/1837\/revisions"}],"predecessor-version":[{"id":1838,"href":"https:\/\/privid.si\/en\/wp-json\/wp\/v2\/posts\/1837\/revisions\/1838"}],"wp:featuredmedia":[{"embeddable":true,"href":"https:\/\/privid.si\/en\/wp-json\/wp\/v2\/media\/1199"}],"wp:attachment":[{"href":"https:\/\/privid.si\/en\/wp-json\/wp\/v2\/media?parent=1837"}],"wp:term":[{"taxonomy":"category","embeddable":true,"href":"https:\/\/privid.si\/en\/wp-json\/wp\/v2\/categories?post=1837"},{"taxonomy":"post_tag","embeddable":true,"href":"https:\/\/privid.si\/en\/wp-json\/wp\/v2\/tags?post=1837"}],"curies":[{"name":"wp","href":"https:\/\/api.w.org\/{rel}","templated":true}]}}