{"id":1284,"date":"2022-09-28T14:10:20","date_gmt":"2022-09-28T14:10:20","guid":{"rendered":"https:\/\/privid.si\/?p=1284"},"modified":"2023-02-11T21:42:49","modified_gmt":"2023-02-11T21:42:49","slug":"nagrada-na-taktfestivalu-2022-novi-sad","status":"publish","type":"post","link":"https:\/\/privid.si\/en\/glasba\/nagrada-na-taktfestivalu-2022-novi-sad\/","title":{"rendered":"Nagrada na TaktFestivalu 2022 (Novi Sad)"},"content":{"rendered":"<p>Na <a href=\"https:\/\/www.facebook.com\/taktfestival?__cft__[0]=AZWWQIkXkulGilYnG7DuacRdTQrmx61GqAtOFR55nfiQ1LWsYnJpVyxD0nhyvmo5pN8EFjs1SyBS9eHNqDIP-MnvydNTsfyehrY-NRF-f_wkyjz6g7qv_nw_gRtmrNGJC6NQiGPKHiefqMLcNBF2nmTqnZHveaL95AfyqXJwnVVJMHXRf2YHtNc3wWArIOPAtD8&amp;__tn__=-]K-R\">TAKT festival<\/a>u <a href=\"https:\/\/www.facebook.com\/events\/416093533299878\/?__cft__[0]=AZWWQIkXkulGilYnG7DuacRdTQrmx61GqAtOFR55nfiQ1LWsYnJpVyxD0nhyvmo5pN8EFjs1SyBS9eHNqDIP-MnvydNTsfyehrY-NRF-f_wkyjz6g7qv_nw_gRtmrNGJC6NQiGPKHiefqMLcNBF2nmTqnZHveaL95AfyqXJwnVVJMHXRf2YHtNc3wWArIOPAtD8&amp;__tn__=-UK-R\">2022<\/a> sva z <a href=\"https:\/\/www.facebook.com\/andrej.kos.376?__cft__[0]=AZWWQIkXkulGilYnG7DuacRdTQrmx61GqAtOFR55nfiQ1LWsYnJpVyxD0nhyvmo5pN8EFjs1SyBS9eHNqDIP-MnvydNTsfyehrY-NRF-f_wkyjz6g7qv_nw_gRtmrNGJC6NQiGPKHiefqMLcNBF2nmTqnZHveaL95AfyqXJwnVVJMHXRf2YHtNc3wWArIOPAtD8&amp;__tn__=-]K-R\">Andrej<\/a>em prejela drugo mesto!<\/p>\n\n\n\n<p>Izku\u0161nja v Novem Sadu je bila izjemna; toliko dobre muzike, prijaznih ljudi, fine kave in odli\u010dnih \u010devapov \u017ee dolgo nisva sli\u0161ala, spoznala, spila ali okusila. Kljub jezikovni razdalji se je ob\u010dinstvo na najino glasbo odzvalo, kot da razdalje ni, in zato jo je bilo izvajati pravi u\u017eitek.<\/p>\n\n\n\n<p>\u010cestitke seveda <a href=\"https:\/\/www.facebook.com\/anita.sunjic?__cft__[0]=AZWWQIkXkulGilYnG7DuacRdTQrmx61GqAtOFR55nfiQ1LWsYnJpVyxD0nhyvmo5pN8EFjs1SyBS9eHNqDIP-MnvydNTsfyehrY-NRF-f_wkyjz6g7qv_nw_gRtmrNGJC6NQiGPKHiefqMLcNBF2nmTqnZHveaL95AfyqXJwnVVJMHXRf2YHtNc3wWArIOPAtD8&amp;__tn__=-]K-R\">Anita \u0160unji\u0107<\/a> za zaslu\u017eeno prvo mesto, saj je pokazala, kaj pomeni peti s celo du\u0161o, in Pero Scania Raili\u0107 za tretje <a><\/a>mesto za unikaten stil in humor. Zahvala pa organizatorjem, ki so nama v Novem Sadu dali ob\u010dutek, kot da sva doma. \u0160e prideva!<\/p>\n\n\n\n<figure class=\"wp-block-image size-large\"><img data-recalc-dims=\"1\" loading=\"lazy\" decoding=\"async\" width=\"768\" height=\"1024\" data-attachment-id=\"1289\" data-permalink=\"https:\/\/privid.si\/en\/glasba\/nagrada-na-taktfestivalu-2022-novi-sad\/attachment\/306086968_10229805935238786_7045400191831622609_n\/\" data-orig-file=\"https:\/\/i0.wp.com\/privid.si\/wp-content\/uploads\/2022\/09\/306086968_10229805935238786_7045400191831622609_n.jpg?fit=1536%2C2048&amp;ssl=1\" data-orig-size=\"1536,2048\" data-comments-opened=\"0\" data-image-meta=\"{&quot;aperture&quot;:&quot;0&quot;,&quot;credit&quot;:&quot;&quot;,&quot;camera&quot;:&quot;&quot;,&quot;caption&quot;:&quot;&quot;,&quot;created_timestamp&quot;:&quot;0&quot;,&quot;copyright&quot;:&quot;&quot;,&quot;focal_length&quot;:&quot;0&quot;,&quot;iso&quot;:&quot;0&quot;,&quot;shutter_speed&quot;:&quot;0&quot;,&quot;title&quot;:&quot;&quot;,&quot;orientation&quot;:&quot;0&quot;}\" data-image-title=\"306086968_10229805935238786_7045400191831622609_n\" data-image-description=\"\" data-image-caption=\"\" data-medium-file=\"https:\/\/i0.wp.com\/privid.si\/wp-content\/uploads\/2022\/09\/306086968_10229805935238786_7045400191831622609_n.jpg?fit=225%2C300&amp;ssl=1\" data-large-file=\"https:\/\/i0.wp.com\/privid.si\/wp-content\/uploads\/2022\/09\/306086968_10229805935238786_7045400191831622609_n.jpg?fit=768%2C1024&amp;ssl=1\" src=\"https:\/\/i0.wp.com\/privid.si\/wp-content\/uploads\/2022\/09\/306086968_10229805935238786_7045400191831622609_n.jpg?resize=768%2C1024&#038;ssl=1\" alt=\"\" class=\"wp-image-1289\" srcset=\"https:\/\/i0.wp.com\/privid.si\/wp-content\/uploads\/2022\/09\/306086968_10229805935238786_7045400191831622609_n.jpg?resize=768%2C1024&amp;ssl=1 768w, https:\/\/i0.wp.com\/privid.si\/wp-content\/uploads\/2022\/09\/306086968_10229805935238786_7045400191831622609_n.jpg?resize=225%2C300&amp;ssl=1 225w, https:\/\/i0.wp.com\/privid.si\/wp-content\/uploads\/2022\/09\/306086968_10229805935238786_7045400191831622609_n.jpg?resize=1152%2C1536&amp;ssl=1 1152w, https:\/\/i0.wp.com\/privid.si\/wp-content\/uploads\/2022\/09\/306086968_10229805935238786_7045400191831622609_n.jpg?resize=500%2C667&amp;ssl=1 500w, https:\/\/i0.wp.com\/privid.si\/wp-content\/uploads\/2022\/09\/306086968_10229805935238786_7045400191831622609_n.jpg?resize=800%2C1067&amp;ssl=1 800w, https:\/\/i0.wp.com\/privid.si\/wp-content\/uploads\/2022\/09\/306086968_10229805935238786_7045400191831622609_n.jpg?resize=1280%2C1707&amp;ssl=1 1280w, https:\/\/i0.wp.com\/privid.si\/wp-content\/uploads\/2022\/09\/306086968_10229805935238786_7045400191831622609_n.jpg?w=1536&amp;ssl=1 1536w\" sizes=\"auto, (max-width: 768px) 100vw, 768px\" \/><\/figure>","protected":false},"excerpt":{"rendered":"<p>Na TAKT festivalu 2022 sva z Andrejem prejela drugo mesto! Izku\u0161nja v Novem Sadu je bila izjemna; toliko dobre muzike, prijaznih ljudi, fine kave in odli\u010dnih \u010devapov \u017ee dolgo nisva sli\u0161ala, spoznala, spila ali okusila. Kljub jezikovni razdalji se je ob\u010dinstvo na najino glasbo odzvalo, kot da razdalje ni, in zato jo je bilo izvajati [&hellip;]<\/p>","protected":false},"author":1,"featured_media":1289,"comment_status":"closed","ping_status":"closed","sticky":false,"template":"","format":"standard","meta":{"inline_featured_image":false,"advanced_seo_description":"","jetpack_seo_html_title":"","jetpack_seo_noindex":false,"_vp_format_video_url":"","_vp_image_focal_point":[],"_jetpack_memberships_contains_paid_content":false,"footnotes":"","jetpack_publicize_message":"","jetpack_publicize_feature_enabled":true,"jetpack_social_post_already_shared":false,"jetpack_social_options":{"image_generator_settings":{"template":"highway","default_image_id":0,"font":"","enabled":false},"version":2}},"categories":[3,27,28],"tags":[],"class_list":["post-1284","post","type-post","status-publish","format-standard","has-post-thumbnail","hentry","category-glasba","category-primoz-vidovic-andrej-kos","category-natecaj"],"jetpack_publicize_connections":[],"jetpack_featured_media_url":"https:\/\/i0.wp.com\/privid.si\/wp-content\/uploads\/2022\/09\/306086968_10229805935238786_7045400191831622609_n.jpg?fit=1536%2C2048&ssl=1","jetpack_shortlink":"https:\/\/wp.me\/pdh6Hw-kI","jetpack_sharing_enabled":true,"_links":{"self":[{"href":"https:\/\/privid.si\/en\/wp-json\/wp\/v2\/posts\/1284","targetHints":{"allow":["GET"]}}],"collection":[{"href":"https:\/\/privid.si\/en\/wp-json\/wp\/v2\/posts"}],"about":[{"href":"https:\/\/privid.si\/en\/wp-json\/wp\/v2\/types\/post"}],"author":[{"embeddable":true,"href":"https:\/\/privid.si\/en\/wp-json\/wp\/v2\/users\/1"}],"replies":[{"embeddable":true,"href":"https:\/\/privid.si\/en\/wp-json\/wp\/v2\/comments?post=1284"}],"version-history":[{"count":2,"href":"https:\/\/privid.si\/en\/wp-json\/wp\/v2\/posts\/1284\/revisions"}],"predecessor-version":[{"id":1290,"href":"https:\/\/privid.si\/en\/wp-json\/wp\/v2\/posts\/1284\/revisions\/1290"}],"wp:featuredmedia":[{"embeddable":true,"href":"https:\/\/privid.si\/en\/wp-json\/wp\/v2\/media\/1289"}],"wp:attachment":[{"href":"https:\/\/privid.si\/en\/wp-json\/wp\/v2\/media?parent=1284"}],"wp:term":[{"taxonomy":"category","embeddable":true,"href":"https:\/\/privid.si\/en\/wp-json\/wp\/v2\/categories?post=1284"},{"taxonomy":"post_tag","embeddable":true,"href":"https:\/\/privid.si\/en\/wp-json\/wp\/v2\/tags?post=1284"}],"curies":[{"name":"wp","href":"https:\/\/api.w.org\/{rel}","templated":true}]}}