{"id":1194,"date":"2022-08-16T10:53:57","date_gmt":"2022-08-16T10:53:57","guid":{"rendered":"https:\/\/privid.si\/?p=1194"},"modified":"2024-04-29T10:24:39","modified_gmt":"2024-04-29T10:24:39","slug":"proti-cepljenju-za-putina-disenz","status":"publish","type":"post","link":"https:\/\/privid.si\/en\/eseji\/proti-cepljenju-za-putina-disenz\/","title":{"rendered":"Proti cepljenju \u2013 za Putina (Disenz)"},"content":{"rendered":"<blockquote class=\"wp-block-quote is-layout-flow wp-block-quote-is-layout-flow\"><p>Ali ste vedeli, da ve\u010dina ljudi, ki zavra\u010da cepljenje, za vojno v Ukrajini krivi ZDA, NATO, EU in Ukrajino? In obratno, da ve\u010dina tistih, ki so bili vsaj enkrat cepljeni proti kovidu, krivca (pravilno!) vidi v Rusiji? No, zdaj veste. Povedala vam je\u00a0<a href=\"https:\/\/www.profil.at\/oesterreich\/was-sagt-der-impfstatus-ueber-die-einstellung-zu-putin-aus\/402085051?fbclid=IwAR20OAq8PWMqhW7ET9qLWgkc0wgakRjOs-zYwfs8oGo_hVr8P1xGNsm4Fns\">znanost<\/a>. In znanosti moramo zaupati. Kaj neki naj s tem v\u00e9denjem po\u010dnemo, tega ne pove izrecno. A te\u017eko je spregledati namigovanje nekaterih, ki ta dognanja razpe\u010dujejo: \u010de \u017eelite v tej vojni biti na pravi ideolo\u0161ki strani, se morate cepiti. Kako elegantno enostavno! Kdo bo povedal polovici Ukrajincev, ki so\u00a0<a href=\"https:\/\/news.google.com\/covid19\/map?hl=en-US&amp;state=5&amp;mid=%2Fm%2F07t21&amp;gl=US&amp;ceid=US%3Aen\">neprecepljeni<\/a>?<\/p><\/blockquote>\n\n\n\n<div class=\"wp-block-buttons is-content-justification-center is-layout-flex wp-container-core-buttons-is-layout-a89b3969 wp-block-buttons-is-layout-flex\">\n<div class=\"wp-block-button\"><a class=\"wp-block-button__link\" href=\"https:\/\/www.disenz.net\/proti-cepljenju-za-putina\/\">Preberi \u00bb<\/a><\/div>\n<\/div>","protected":false},"excerpt":{"rendered":"<p>Ali ste vedeli, da ve\u010dina ljudi, ki zavra\u010da cepljenje, za vojno v Ukrajini krivi ZDA, NATO, EU in Ukrajino? In obratno, da ve\u010dina tistih, ki so bili vsaj enkrat cepljeni proti kovidu, krivca (pravilno!) vidi v Rusiji? No, zdaj veste. Povedala vam je\u00a0znanost. In znanosti moramo zaupati. Kaj neki naj s tem v\u00e9denjem po\u010dnemo, tega [&hellip;]<\/p>","protected":false},"author":1,"featured_media":1195,"comment_status":"closed","ping_status":"closed","sticky":false,"template":"","format":"standard","meta":{"inline_featured_image":false,"advanced_seo_description":"","jetpack_seo_html_title":"","jetpack_seo_noindex":false,"_vp_format_video_url":"","_vp_image_focal_point":[],"_jetpack_memberships_contains_paid_content":false,"footnotes":"","jetpack_publicize_message":"","jetpack_publicize_feature_enabled":true,"jetpack_social_post_already_shared":false,"jetpack_social_options":{"image_generator_settings":{"template":"highway","default_image_id":0,"font":"","enabled":false},"version":2}},"categories":[13],"tags":[37,42,68,69],"class_list":["post-1194","post","type-post","status-publish","format-standard","has-post-thumbnail","hentry","category-eseji","tag-mediji","tag-politika","tag-cepljenje","tag-polarizacija"],"jetpack_publicize_connections":[],"jetpack_featured_media_url":"https:\/\/i0.wp.com\/privid.si\/wp-content\/uploads\/2022\/08\/Screenshot-2022-08-16-at-12.51.40.png?fit=1542%2C1110&ssl=1","jetpack_shortlink":"https:\/\/wp.me\/pdh6Hw-jg","jetpack_sharing_enabled":true,"_links":{"self":[{"href":"https:\/\/privid.si\/en\/wp-json\/wp\/v2\/posts\/1194","targetHints":{"allow":["GET"]}}],"collection":[{"href":"https:\/\/privid.si\/en\/wp-json\/wp\/v2\/posts"}],"about":[{"href":"https:\/\/privid.si\/en\/wp-json\/wp\/v2\/types\/post"}],"author":[{"embeddable":true,"href":"https:\/\/privid.si\/en\/wp-json\/wp\/v2\/users\/1"}],"replies":[{"embeddable":true,"href":"https:\/\/privid.si\/en\/wp-json\/wp\/v2\/comments?post=1194"}],"version-history":[{"count":1,"href":"https:\/\/privid.si\/en\/wp-json\/wp\/v2\/posts\/1194\/revisions"}],"predecessor-version":[{"id":1196,"href":"https:\/\/privid.si\/en\/wp-json\/wp\/v2\/posts\/1194\/revisions\/1196"}],"wp:featuredmedia":[{"embeddable":true,"href":"https:\/\/privid.si\/en\/wp-json\/wp\/v2\/media\/1195"}],"wp:attachment":[{"href":"https:\/\/privid.si\/en\/wp-json\/wp\/v2\/media?parent=1194"}],"wp:term":[{"taxonomy":"category","embeddable":true,"href":"https:\/\/privid.si\/en\/wp-json\/wp\/v2\/categories?post=1194"},{"taxonomy":"post_tag","embeddable":true,"href":"https:\/\/privid.si\/en\/wp-json\/wp\/v2\/tags?post=1194"}],"curies":[{"name":"wp","href":"https:\/\/api.w.org\/{rel}","templated":true}]}}